{"id":123229,"date":"2021-08-04T13:11:01","date_gmt":"2021-08-04T17:11:01","guid":{"rendered":"https:\/\/linitiative.ca\/International\/installation-du-1er-president-et-du-procureur-general-de-la-cour-dappel\/"},"modified":"2021-08-04T13:11:01","modified_gmt":"2021-08-04T17:11:01","slug":"installation-du-1er-president-et-du-procureur-general-de-la-cour-dappel","status":"publish","type":"post","link":"https:\/\/linitiative.ca\/International\/installation-du-1er-president-et-du-procureur-general-de-la-cour-dappel\/","title":{"rendered":"Installation du 1er Pr\u00e9sident et du Procureur g\u00e9n\u00e9ral de la Cour d\u2019appel"},"content":{"rendered":"<div>\n<div style=\"margin-bottom:20px;\"><img loading=\"lazy\" decoding=\"async\" width=\"750\" height=\"430\" src=\"https:\/\/linitiative.ca\/International\/wp-content\/uploads\/sites\/23\/2021\/08\/cour-dappel-Marrakech-copier.jpg\" class=\"attachment-post-thumbnail size-post-thumbnail wp-post-image\" alt=\"\" srcset=\"https:\/\/linitiative.ca\/International\/wp-content\/uploads\/sites\/23\/2021\/08\/cour-dappel-Marrakech-copier.jpg 750w, http:\/\/www.mapmarrakech.ma\/map\/uploads\/2021\/08\/cour-dappel-Marrakech-copier-300x172.jpg 300w\" sizes=\"auto, (max-width: 750px) 100vw, 750px\"><\/div>\n<p>Cette c\u00e9r\u00e9monie d\u2019installation a \u00e9t\u00e9 rehauss\u00e9e par la pr\u00e9sence du Procureur g\u00e9n\u00e9ral du Roi pr\u00e8s la Cour de Cassation, Pr\u00e9sident du minist\u00e8re public, Moulay El Hassan Daki, des responsables du minist\u00e8re de la justice et des membres du Conseil sup\u00e9rieur du pouvoir judiciaire (CSPJ), en plus d\u2019autres personnalit\u00e9s repr\u00e9sentant les diff\u00e9rentes professions judiciaires.<\/p>\n<p>Dans une allocution de circonstance, M. Ja\u00e2fari s\u2019est dit extr\u00eamement fier de la confiance plac\u00e9e en lui par SM le Roi Mohammed VI, passant en revue les grandes lignes de sa m\u00e9thodologie de travail visant \u00e0 promouvoir l\u2019efficience judiciaire, moderniser l\u2019administration judiciaire et la rendre au service des citoyens.<\/p>\n<p>Dans ce contexte, le responsable judiciaire a mis en relief les efforts d\u00e9ploy\u00e9s par son pr\u00e9d\u00e9cesseur, M. Ahmed Nahid, appel\u00e9 \u00e0 occuper la fonction du premier pr\u00e9sident pr\u00e8s la Cour d\u2019appel d\u2019El Jadida, relevant que la circonscription judiciaire de Marrakech a vu se succ\u00e9der des magistrats comp\u00e9tents ayant laiss\u00e9 leurs empreintes gr\u00e2ce \u00e0 leurs jugements et d\u00e9cisions.<\/p>\n<p>Dans le m\u00eame ordre d\u2019id\u00e9es, M. Tizari s\u2019est dit extr\u00eamement fier de la confiance plac\u00e9e en lui par SM le Roi Mohammed VI, mettant l\u2019accent sur les r\u00f4les de l\u2019institution du Parquet g\u00e9n\u00e9ral dans la r\u00e9alisation de l\u2019\u00e9quit\u00e9, la justice et la promotion de l\u2019Etat de droit.<\/p>\n<p>Dans ce contexte, M. Tizari a mis l\u2019accent sur l\u2019importance de la mise en \u0153uvre du concept de Parquet g\u00e9n\u00e9ral citoyen, qui \u0153uvre \u00e0 \u00eatre \u00e0 l\u2019\u00e9coute des citoyens et de leurs dol\u00e9ances et veille \u00e0 am\u00e9liorer les conditions d\u2019accueil des justiciables.<\/p>\n<p>Et de conclure que le Parquet g\u00e9n\u00e9ral de Marrakech \u0153uvrera conform\u00e9ment \u00e0 ses pr\u00e9rogatives, \u00e0 garantir les droits et libert\u00e9s, dont les droits de la d\u00e9fense et \u00e0 rationaliser la d\u00e9tention pr\u00e9ventive afin de pr\u00e9server les relations sociales et all\u00e9ger la pression sur les tribunaux.<\/p>\n<p>SM le Roi Mohammed VI, Pr\u00e9sident du Conseil sup\u00e9rieur du pouvoir judiciaire, avait donn\u00e9 Son approbation Royale pour la nomination de responsables judiciaires dans plusieurs juridictions du Royaume.<\/p>\n<p>Ces nominations concernent 104 fonctions de responsabilit\u00e9 judiciaire, soit 46,22% de l\u2019ensemble des responsabilit\u00e9s judiciaires.<\/p>\n<p>The post <a rel=\"nofollow\" href=\"http:\/\/www.mapmarrakech.ma\/fr\/installation-du-1er-president-et-du-procureur-general-de-la-cour-dappel\/\">Installation du 1er Pr\u00e9sident et du Procureur g\u00e9n\u00e9ral de la Cour d\u2019appel<\/a> appeared first on <a rel=\"nofollow\" href=\"http:\/\/www.mapmarrakech.ma\/fr\">MapMarrakech<\/a>.<\/p>\n<\/div>\n<p>Auteur: Meriem IGASS<br \/>\n<a href=\"http:\/\/www.mapmarrakech.ma\/fr\/installation-du-1er-president-et-du-procureur-general-de-la-cour-dappel\/\">Cliquez ici pour lire l&rsquo;article depuis sa source.<\/a><\/p>\n","protected":false},"excerpt":{"rendered":"<p>Cette c\u00e9r\u00e9monie d\u2019installation a \u00e9t\u00e9 rehauss\u00e9e par la pr\u00e9sence du Procureur g\u00e9n\u00e9ral du Roi pr\u00e8s la Cour de Cassation, Pr\u00e9sident du minist\u00e8re public, Moulay El Hassan Daki, des responsables du minist\u00e8re de la justice et des membres du Conseil sup\u00e9rieur du pouvoir judiciaire (CSPJ), en plus d\u2019autres personnalit\u00e9s repr\u00e9sentant les diff\u00e9rentes professions judiciaires. Dans une [&hellip;]<\/p>\n","protected":false},"author":1788,"featured_media":0,"comment_status":"closed","ping_status":"closed","sticky":false,"template":"","format":"standard","meta":{"fifu_image_url":"http:\/\/www.mapmarrakech.ma\/map\/uploads\/2021\/08\/cour-dappel-Marrakech-copier.jpg","fifu_image_alt":"Installation du 1er Pr\u00e9sident et du Procureur g\u00e9n\u00e9ral de la Cour d\u2019appel","footnotes":""},"categories":[54,76],"tags":[],"class_list":["post-123229","post","type-post","status-publish","format-standard","hentry","category-maroc","category-regions"],"_links":{"self":[{"href":"https:\/\/linitiative.ca\/International\/wp-json\/wp\/v2\/posts\/123229","targetHints":{"allow":["GET"]}}],"collection":[{"href":"https:\/\/linitiative.ca\/International\/wp-json\/wp\/v2\/posts"}],"about":[{"href":"https:\/\/linitiative.ca\/International\/wp-json\/wp\/v2\/types\/post"}],"author":[{"embeddable":true,"href":"https:\/\/linitiative.ca\/International\/wp-json\/wp\/v2\/users\/1788"}],"replies":[{"embeddable":true,"href":"https:\/\/linitiative.ca\/International\/wp-json\/wp\/v2\/comments?post=123229"}],"version-history":[{"count":0,"href":"https:\/\/linitiative.ca\/International\/wp-json\/wp\/v2\/posts\/123229\/revisions"}],"wp:attachment":[{"href":"https:\/\/linitiative.ca\/International\/wp-json\/wp\/v2\/media?parent=123229"}],"wp:term":[{"taxonomy":"category","embeddable":true,"href":"https:\/\/linitiative.ca\/International\/wp-json\/wp\/v2\/categories?post=123229"},{"taxonomy":"post_tag","embeddable":true,"href":"https:\/\/linitiative.ca\/International\/wp-json\/wp\/v2\/tags?post=123229"}],"curies":[{"name":"wp","href":"https:\/\/api.w.org\/{rel}","templated":true}]}}