{"id":123231,"date":"2021-08-04T06:39:49","date_gmt":"2021-08-04T10:39:49","guid":{"rendered":"https:\/\/linitiative.ca\/International\/previsions-meteorologiques-pour-la-journee-du-mercredi\/"},"modified":"2021-08-04T06:39:49","modified_gmt":"2021-08-04T10:39:49","slug":"previsions-meteorologiques-pour-la-journee-du-mercredi","status":"publish","type":"post","link":"https:\/\/linitiative.ca\/International\/previsions-meteorologiques-pour-la-journee-du-mercredi\/","title":{"rendered":"Pr\u00e9visions m\u00e9t\u00e9orologiques pour la journ\u00e9e du mercredi"},"content":{"rendered":"<div>\n<div style=\"margin-bottom:20px;\"><img loading=\"lazy\" decoding=\"async\" width=\"750\" height=\"430\" src=\"https:\/\/linitiative.ca\/International\/wp-content\/uploads\/sites\/23\/2021\/08\/nuage_mC3A9tC3A9o_ciel.jpg\" class=\"attachment-post-thumbnail size-post-thumbnail wp-post-image\" alt=\"\" srcset=\"https:\/\/linitiative.ca\/International\/wp-content\/uploads\/sites\/23\/2021\/08\/nuage_mC3A9tC3A9o_ciel.jpg 750w, http:\/\/www.mapoujda.ma\/map\/uploads\/2021\/08\/nuage_m\u00e9t\u00e9o_ciel-300x172.jpg 300w\" sizes=\"auto, (max-width: 750px) 100vw, 750px\"><\/div>\n<p>Voici les pr\u00e9visions m\u00e9t\u00e9orologiques pour la journ\u00e9e du mercredi 04 ao\u00fbt 2021, \u00e9tablies par la Direction g\u00e9n\u00e9rale de la m\u00e9t\u00e9orologie:<\/p>\n<p>\u2013 Temps assez chaud sur le Sud-Est et les plaines int\u00e9rieures.<\/p>\n<p>\u2013 Formations brumeuses par endroits sur les c\u00f4tes Nord et la M\u00e9diterran\u00e9e.<\/p>\n<p>\u2013 Temps g\u00e9n\u00e9ralement stable avec ciel clair \u00e0 peu nuageux ailleurs.<\/p>\n<p>\u2013 Rafales de vent parfois assez fortes sur les c\u00f4tes Centre.<\/p>\n<p>\u2013 Temp\u00e9ratures minimales de l\u2019ordre de 20\/25\u00b0C sur le Sud-Est, de 10\/14\u00b0C sur les reliefs et de 14\/20\u00b0C ailleurs.<\/p>\n<p>\u2013 Temp\u00e9ratures maximales de l\u2019ordre de 38\/43\u00b0C sur le Sud-Est et l\u2019Est des provinces Sud, de 31\/37\u00b0C sur le Rif, l\u2019Oriental, le Saiss, les plateaux des Phosphates et d\u2019Oulm\u00e8s, les plaines Nord et Centre et l\u2019int\u00e9rieur des provinces Sud et de 23\/29\u00b0C sur les reliefs et pr\u00e8s des c\u00f4tes.<\/p>\n<p>\u2013 Mer belle \u00e0 peu agit\u00e9e sur la M\u00e9diterran\u00e9e et sur le D\u00e9troit et agit\u00e9e entre Rabat et Tarfaya devenant localement agit\u00e9e \u00e0 forte l\u2019apr\u00e8s-midi entre Cap Sim et Aglou, et peu agit\u00e9e \u00e0 agit\u00e9e ailleurs.<\/p>\n<p>L\u2019article <a rel=\"nofollow\" href=\"http:\/\/www.mapoujda.ma\/fr\/previsions-meteorologiques-pour-la-journee-du-mercredi\/\">Pr\u00e9visions m\u00e9t\u00e9orologiques pour la journ\u00e9e du mercredi<\/a> est apparu en premier sur <a rel=\"nofollow\" href=\"http:\/\/www.mapoujda.ma\/fr\">MapOujda<\/a>.<\/p>\n<\/div>\n<p>Auteur: Ismail Bahhane<br \/>\n<a href=\"http:\/\/www.mapoujda.ma\/fr\/previsions-meteorologiques-pour-la-journee-du-mercredi\/\">Cliquez ici pour lire l&rsquo;article depuis sa source.<\/a><\/p>\n","protected":false},"excerpt":{"rendered":"<p>Voici les pr\u00e9visions m\u00e9t\u00e9orologiques pour la journ\u00e9e du mercredi 04 ao\u00fbt 2021, \u00e9tablies par la Direction g\u00e9n\u00e9rale de la m\u00e9t\u00e9orologie: \u2013 Temps assez chaud sur le Sud-Est et les plaines int\u00e9rieures. \u2013 Formations brumeuses par endroits sur les c\u00f4tes Nord et la M\u00e9diterran\u00e9e. \u2013 Temps g\u00e9n\u00e9ralement stable avec ciel clair \u00e0 peu nuageux ailleurs. \u2013 [&hellip;]<\/p>\n","protected":false},"author":1788,"featured_media":0,"comment_status":"closed","ping_status":"closed","sticky":false,"template":"","format":"standard","meta":{"fifu_image_url":"http:\/\/www.mapoujda.ma\/map\/uploads\/2021\/08\/nuage_m\u00e9t\u00e9o_ciel.jpg","fifu_image_alt":"Pr\u00e9visions m\u00e9t\u00e9orologiques pour la journ\u00e9e du mercredi","footnotes":""},"categories":[54,76],"tags":[],"class_list":["post-123231","post","type-post","status-publish","format-standard","hentry","category-maroc","category-regions"],"_links":{"self":[{"href":"https:\/\/linitiative.ca\/International\/wp-json\/wp\/v2\/posts\/123231","targetHints":{"allow":["GET"]}}],"collection":[{"href":"https:\/\/linitiative.ca\/International\/wp-json\/wp\/v2\/posts"}],"about":[{"href":"https:\/\/linitiative.ca\/International\/wp-json\/wp\/v2\/types\/post"}],"author":[{"embeddable":true,"href":"https:\/\/linitiative.ca\/International\/wp-json\/wp\/v2\/users\/1788"}],"replies":[{"embeddable":true,"href":"https:\/\/linitiative.ca\/International\/wp-json\/wp\/v2\/comments?post=123231"}],"version-history":[{"count":0,"href":"https:\/\/linitiative.ca\/International\/wp-json\/wp\/v2\/posts\/123231\/revisions"}],"wp:attachment":[{"href":"https:\/\/linitiative.ca\/International\/wp-json\/wp\/v2\/media?parent=123231"}],"wp:term":[{"taxonomy":"category","embeddable":true,"href":"https:\/\/linitiative.ca\/International\/wp-json\/wp\/v2\/categories?post=123231"},{"taxonomy":"post_tag","embeddable":true,"href":"https:\/\/linitiative.ca\/International\/wp-json\/wp\/v2\/tags?post=123231"}],"curies":[{"name":"wp","href":"https:\/\/api.w.org\/{rel}","templated":true}]}}