{"id":123236,"date":"2021-08-04T10:43:11","date_gmt":"2021-08-04T14:43:11","guid":{"rendered":"https:\/\/linitiative.ca\/International\/snep-hausse-de-28-du-c-a-au-1er-semestre\/"},"modified":"2021-08-04T10:43:11","modified_gmt":"2021-08-04T14:43:11","slug":"snep-hausse-de-28-du-c-a-au-1er-semestre","status":"publish","type":"post","link":"https:\/\/linitiative.ca\/International\/snep-hausse-de-28-du-c-a-au-1er-semestre\/","title":{"rendered":"SNEP: Hausse de 28% du C.A au 1er semestre"},"content":{"rendered":"<div>\n<div class=\"field field-name-body field-type-text-with-summary field-label-hidden\">\n<div class=\"field-items\">\n<div class=\"field-item even\" property=\"content:encoded\">\n<p>Le chiffre d&rsquo;affaires de la SNEP a atteint 516,8 millions de DH au premier semestre de 2021, en hausse de 28% en glissement annuel, selon les r\u00e9sutats publi\u00e9s par la soci\u00e9t\u00e9. \u00ab\u00a0La reprise \u00e9conomique nationale conjugu\u00e9e \u00e0 la conjoncture favorable des prix de ventes, a permis \u00e0 SNEP d\u2019enregistrer une hausse de 38,6% de son chiffre d\u2019affaires au terme du deuxi\u00e8me\u00a0trimestre 2021. Le chiffre d\u2019affaires semestriel s\u2019\u00e9tablit \u00e0 516,9 M MAD, en hausse de 28,0%\u00a0\u00bb, indique la SNEP.<\/p>\n<\/div>\n<\/div>\n<\/div>\n<\/div>\n<p>Auteur: hgueye<br \/>\n<a href=\"https:\/\/www.leconomiste.com\/flash-infos\/snep-hausse-de-28-du-c-au-1er-semestre\">Cliquez ici pour lire l&rsquo;article depuis sa source.<\/a><\/p>\n","protected":false},"excerpt":{"rendered":"<p>Le chiffre d&rsquo;affaires de la SNEP a atteint 516,8 millions de DH au premier semestre de 2021, en hausse de 28% en glissement annuel, selon les r\u00e9sutats publi\u00e9s par la soci\u00e9t\u00e9. \u00ab\u00a0La reprise \u00e9conomique nationale conjugu\u00e9e \u00e0 la conjoncture favorable des prix de ventes, a permis \u00e0 SNEP d\u2019enregistrer une hausse de 38,6% de son [&hellip;]<\/p>\n","protected":false},"author":1763,"featured_media":0,"comment_status":"closed","ping_status":"closed","sticky":false,"template":"","format":"standard","meta":{"fifu_image_url":"","fifu_image_alt":"","footnotes":""},"categories":[78,54],"tags":[],"class_list":["post-123236","post","type-post","status-publish","format-standard","hentry","category-economie","category-maroc"],"_links":{"self":[{"href":"https:\/\/linitiative.ca\/International\/wp-json\/wp\/v2\/posts\/123236","targetHints":{"allow":["GET"]}}],"collection":[{"href":"https:\/\/linitiative.ca\/International\/wp-json\/wp\/v2\/posts"}],"about":[{"href":"https:\/\/linitiative.ca\/International\/wp-json\/wp\/v2\/types\/post"}],"author":[{"embeddable":true,"href":"https:\/\/linitiative.ca\/International\/wp-json\/wp\/v2\/users\/1763"}],"replies":[{"embeddable":true,"href":"https:\/\/linitiative.ca\/International\/wp-json\/wp\/v2\/comments?post=123236"}],"version-history":[{"count":0,"href":"https:\/\/linitiative.ca\/International\/wp-json\/wp\/v2\/posts\/123236\/revisions"}],"wp:attachment":[{"href":"https:\/\/linitiative.ca\/International\/wp-json\/wp\/v2\/media?parent=123236"}],"wp:term":[{"taxonomy":"category","embeddable":true,"href":"https:\/\/linitiative.ca\/International\/wp-json\/wp\/v2\/categories?post=123236"},{"taxonomy":"post_tag","embeddable":true,"href":"https:\/\/linitiative.ca\/International\/wp-json\/wp\/v2\/tags?post=123236"}],"curies":[{"name":"wp","href":"https:\/\/api.w.org\/{rel}","templated":true}]}}