{"id":123238,"date":"2021-08-04T11:36:04","date_gmt":"2021-08-04T15:36:04","guid":{"rendered":"https:\/\/linitiative.ca\/International\/maroc-une-capacite-de-production-de-700-000-vehicules-par-an\/"},"modified":"2021-08-04T11:36:04","modified_gmt":"2021-08-04T15:36:04","slug":"maroc-une-capacite-de-production-de-700-000-vehicules-par-an","status":"publish","type":"post","link":"https:\/\/linitiative.ca\/International\/maroc-une-capacite-de-production-de-700-000-vehicules-par-an\/","title":{"rendered":"Maroc: Une capacit\u00e9 de production de 700.000 v\u00e9hicules par an"},"content":{"rendered":"<div>\n<div class=\"field field-name-body field-type-text-with-summary field-label-hidden\">\n<div class=\"field-items\">\n<div class=\"field-item even\" property=\"content:encoded\">\n<p class=\"rtejustify\">Le Maroc a une capacit\u00e9 de production de 700.000 v\u00e9hicules par an, a affirm\u00e9 mercredi Moulay Hafid Elalamy, minist\u00e8re de l\u2019Industrie, du Commerce, de l\u2019Investissement, de l\u2019\u00c9conomie verte et num\u00e9rique.<\/p>\n<p class=\"rtejustify\">\u00ab\u00a0On ne m\u00e9lange pas la capacit\u00e9 de production et la capacit\u00e9 de consommation\u00a0\u00bb, a aussi insist\u00e9 Elalamy, regrettant les erreurs d\u2019interpr\u00e9tation des chiffres.<\/p>\n<\/div>\n<\/div>\n<\/div>\n<\/div>\n<p>Auteur: mbasraoui<br \/>\n<a href=\"https:\/\/www.leconomiste.com\/flash-infos\/maroc-une-capacite-de-production-de-700-000-vehicules-par\">Cliquez ici pour lire l&rsquo;article depuis sa source.<\/a><\/p>\n","protected":false},"excerpt":{"rendered":"<p>Le Maroc a une capacit\u00e9 de production de 700.000 v\u00e9hicules par an, a affirm\u00e9 mercredi Moulay Hafid Elalamy, minist\u00e8re de l\u2019Industrie, du Commerce, de l\u2019Investissement, de l\u2019\u00c9conomie verte et num\u00e9rique. \u00ab\u00a0On ne m\u00e9lange pas la capacit\u00e9 de production et la capacit\u00e9 de consommation\u00a0\u00bb, a aussi insist\u00e9 Elalamy, regrettant les erreurs d\u2019interpr\u00e9tation des chiffres. Auteur: mbasraoui [&hellip;]<\/p>\n","protected":false},"author":1763,"featured_media":0,"comment_status":"closed","ping_status":"closed","sticky":false,"template":"","format":"standard","meta":{"fifu_image_url":"","fifu_image_alt":"","footnotes":""},"categories":[78,54],"tags":[],"class_list":["post-123238","post","type-post","status-publish","format-standard","hentry","category-economie","category-maroc"],"_links":{"self":[{"href":"https:\/\/linitiative.ca\/International\/wp-json\/wp\/v2\/posts\/123238","targetHints":{"allow":["GET"]}}],"collection":[{"href":"https:\/\/linitiative.ca\/International\/wp-json\/wp\/v2\/posts"}],"about":[{"href":"https:\/\/linitiative.ca\/International\/wp-json\/wp\/v2\/types\/post"}],"author":[{"embeddable":true,"href":"https:\/\/linitiative.ca\/International\/wp-json\/wp\/v2\/users\/1763"}],"replies":[{"embeddable":true,"href":"https:\/\/linitiative.ca\/International\/wp-json\/wp\/v2\/comments?post=123238"}],"version-history":[{"count":0,"href":"https:\/\/linitiative.ca\/International\/wp-json\/wp\/v2\/posts\/123238\/revisions"}],"wp:attachment":[{"href":"https:\/\/linitiative.ca\/International\/wp-json\/wp\/v2\/media?parent=123238"}],"wp:term":[{"taxonomy":"category","embeddable":true,"href":"https:\/\/linitiative.ca\/International\/wp-json\/wp\/v2\/categories?post=123238"},{"taxonomy":"post_tag","embeddable":true,"href":"https:\/\/linitiative.ca\/International\/wp-json\/wp\/v2\/tags?post=123238"}],"curies":[{"name":"wp","href":"https:\/\/api.w.org\/{rel}","templated":true}]}}