{"id":123243,"date":"2021-08-04T14:31:00","date_gmt":"2021-08-04T18:31:00","guid":{"rendered":"https:\/\/linitiative.ca\/International\/naples-deux-nouveaux-pretendants-pour-adam-ounas\/"},"modified":"2021-08-04T14:31:00","modified_gmt":"2021-08-04T18:31:00","slug":"naples-deux-nouveaux-pretendants-pour-adam-ounas","status":"publish","type":"post","link":"https:\/\/linitiative.ca\/International\/naples-deux-nouveaux-pretendants-pour-adam-ounas\/","title":{"rendered":"Naples : Deux nouveaux pr\u00e9tendants pour Adam Ounas"},"content":{"rendered":"<div>A en croire le m\u00e9dia turc CNN Turk Spor, Be\u015fikta\u015f et Galatasaray s&rsquo;int\u00e9resseraient \u00e0 Adam Ounas, l&rsquo;ailier du Napoli<img loading=\"lazy\" decoding=\"async\" src=\"http:\/\/feeds.feedburner.com\/~r\/GalerieFArtciles\/~4\/WGC_NFI4qCE\" height=\"1\" width=\"1\" alt=\"\"><\/div>\n<p>Auteur:<br \/>\n<a href=\"http:\/\/www.lebuteur.com\/article\/detail?titre=naples-deux-nouveaux-pretendants-pour-adam-ounas&#038;id=100767&#038;utm_source=feedburner&#038;utm_medium=feed&#038;utm_campaign=Feed%3A+GalerieFArtciles+%28Les+derniers+articles++-+lebuteur.com%29\">Cliquez ici pour lire l&rsquo;article depuis sa source.<\/a><\/p>\n","protected":false},"excerpt":{"rendered":"<p>A en croire le m\u00e9dia turc CNN Turk Spor, Be\u015fikta\u015f et Galatasaray s&rsquo;int\u00e9resseraient \u00e0 Adam Ounas, l&rsquo;ailier du Napoli Auteur: Cliquez ici pour lire l&rsquo;article depuis sa source.<\/p>\n","protected":false},"author":1738,"featured_media":0,"comment_status":"closed","ping_status":"closed","sticky":false,"template":"","format":"standard","meta":{"fifu_image_url":"http:\/\/feeds.feedburner.com\/~r\/GalerieFArtciles\/~4\/WGC_NFI4qCE","fifu_image_alt":"Naples : Deux nouveaux pr\u00e9tendants pour Adam Ounas","footnotes":""},"categories":[53,75],"tags":[],"class_list":["post-123243","post","type-post","status-publish","format-standard","hentry","category-algerie","category-sport"],"_links":{"self":[{"href":"https:\/\/linitiative.ca\/International\/wp-json\/wp\/v2\/posts\/123243","targetHints":{"allow":["GET"]}}],"collection":[{"href":"https:\/\/linitiative.ca\/International\/wp-json\/wp\/v2\/posts"}],"about":[{"href":"https:\/\/linitiative.ca\/International\/wp-json\/wp\/v2\/types\/post"}],"author":[{"embeddable":true,"href":"https:\/\/linitiative.ca\/International\/wp-json\/wp\/v2\/users\/1738"}],"replies":[{"embeddable":true,"href":"https:\/\/linitiative.ca\/International\/wp-json\/wp\/v2\/comments?post=123243"}],"version-history":[{"count":0,"href":"https:\/\/linitiative.ca\/International\/wp-json\/wp\/v2\/posts\/123243\/revisions"}],"wp:attachment":[{"href":"https:\/\/linitiative.ca\/International\/wp-json\/wp\/v2\/media?parent=123243"}],"wp:term":[{"taxonomy":"category","embeddable":true,"href":"https:\/\/linitiative.ca\/International\/wp-json\/wp\/v2\/categories?post=123243"},{"taxonomy":"post_tag","embeddable":true,"href":"https:\/\/linitiative.ca\/International\/wp-json\/wp\/v2\/tags?post=123243"}],"curies":[{"name":"wp","href":"https:\/\/api.w.org\/{rel}","templated":true}]}}