{"id":123245,"date":"2021-08-04T06:24:19","date_gmt":"2021-08-04T10:24:19","guid":{"rendered":"https:\/\/linitiative.ca\/International\/concentrateurs-doxygene-bloques-au-port-dalger-le-dementi-des-services-des-douanes\/"},"modified":"2021-08-04T06:24:19","modified_gmt":"2021-08-04T10:24:19","slug":"concentrateurs-doxygene-bloques-au-port-dalger-le-dementi-des-services-des-douanes","status":"publish","type":"post","link":"https:\/\/linitiative.ca\/International\/concentrateurs-doxygene-bloques-au-port-dalger-le-dementi-des-services-des-douanes\/","title":{"rendered":"Concentrateurs d\u2019oxyg\u00e8ne bloqu\u00e9s au port d\u2019Alger : Le d\u00e9menti des services des Douanes"},"content":{"rendered":"<div>\n<div class=\"sriret\"><img decoding=\"async\" src=\"https:\/\/linitiative.ca\/International\/wp-content\/uploads\/sites\/23\/2021\/08\/default-picture-709x366_c-7.jpg\"><\/div>\n<p>Interrog\u00e9s par nos soins, sur les appels lanc\u00e9s \u00e0 travers les r\u00e9seaux sociaux par certains membres de la communaut\u00e9 alg\u00e9rienne \u00e0 l\u2019\u00e9tranger, sur \u00abune quantit\u00e9 importante de concentrateurs \u00e0 oxyg\u00e8ne bloqu\u00e9e au niveau du port d\u2019Alger\u00bb, \u00e0 travers les r\u00e9seaux sociaux, les services des Douanes ont rejet\u00e9 en bloc ces affirmations en affirmant que dans \u00able cadre des efforts de lutte contre la pand\u00e9mie, des mesures exceptionnelles visant \u00e0 faciliter et acc\u00e9l\u00e9rer les op\u00e9rations d\u2019importation des marchandises et de leur enl\u00e8vement d\u00e8s leur arriv\u00e9e, sous r\u00e9serve de s\u2019engager \u00e0 finaliser les formalit\u00e9s douani\u00e8res ult\u00e9rieures\u00bb.<\/p>\n<p>Ces mesures concernent tous les \u00e9quipements et les produits directement li\u00e9s \u00e0 la lutte contre la propagation de la Covid-19. Ainsi, les entreprises, qui veulent se lancer dans l\u2019importation de ces produits, n\u2019ont qu\u2019\u00e0 obtenir une autorisation aupr\u00e8s du minist\u00e8re de l\u2019Industrie pharmaceutique pour b\u00e9n\u00e9ficier du droit au couloir vert. Par contre, l\u2019importation par des particuliers pour un usage personnel est libre et n\u2019est soumise \u00e0 aucune autorisation.<\/p>\n<p>*Retrouvez l\u2019int\u00e9gralit\u00e9 de nos articles sur la version papier<\/p>\n<p>L\u2019article <a rel=\"nofollow\" href=\"https:\/\/www.elwatan.com\/edition\/actualite\/concentrateurs-doxygene-bloques-au-port-dalger-le-dementi-des-services-des-douanes-04-08-2021\">Concentrateurs d\u2019oxyg\u00e8ne bloqu\u00e9s au port d\u2019Alger : Le d\u00e9menti des services des Douanes<\/a> est apparu en premier sur <a rel=\"nofollow\" href=\"https:\/\/www.elwatan.com\/\">El Watan<\/a>.<\/p>\n<\/div>\n<p>Auteur: Hicham Chouadria<br \/>\n<a href=\"https:\/\/www.elwatan.com\/edition\/actualite\/concentrateurs-doxygene-bloques-au-port-dalger-le-dementi-des-services-des-douanes-04-08-2021\">Cliquez ici pour lire l&rsquo;article depuis sa source.<\/a><\/p>\n","protected":false},"excerpt":{"rendered":"<p>Interrog\u00e9s par nos soins, sur les appels lanc\u00e9s \u00e0 travers les r\u00e9seaux sociaux par certains membres de la communaut\u00e9 alg\u00e9rienne \u00e0 l\u2019\u00e9tranger, sur \u00abune quantit\u00e9 importante de concentrateurs \u00e0 oxyg\u00e8ne bloqu\u00e9e au niveau du port d\u2019Alger\u00bb, \u00e0 travers les r\u00e9seaux sociaux, les services des Douanes ont rejet\u00e9 en bloc ces affirmations en affirmant que dans [&hellip;]<\/p>\n","protected":false},"author":1743,"featured_media":0,"comment_status":"closed","ping_status":"closed","sticky":false,"template":"","format":"standard","meta":{"fifu_image_url":"https:\/\/www.elwatan.com\/wp-content\/themes\/spectr\/img\/default-picture-709x366_c.jpg","fifu_image_alt":"Concentrateurs d\u2019oxyg\u00e8ne bloqu\u00e9s au port d\u2019Alger : Le d\u00e9menti des services des Douanes","footnotes":""},"categories":[73,53],"tags":[],"class_list":["post-123245","post","type-post","status-publish","format-standard","hentry","category-actualite","category-algerie"],"_links":{"self":[{"href":"https:\/\/linitiative.ca\/International\/wp-json\/wp\/v2\/posts\/123245","targetHints":{"allow":["GET"]}}],"collection":[{"href":"https:\/\/linitiative.ca\/International\/wp-json\/wp\/v2\/posts"}],"about":[{"href":"https:\/\/linitiative.ca\/International\/wp-json\/wp\/v2\/types\/post"}],"author":[{"embeddable":true,"href":"https:\/\/linitiative.ca\/International\/wp-json\/wp\/v2\/users\/1743"}],"replies":[{"embeddable":true,"href":"https:\/\/linitiative.ca\/International\/wp-json\/wp\/v2\/comments?post=123245"}],"version-history":[{"count":0,"href":"https:\/\/linitiative.ca\/International\/wp-json\/wp\/v2\/posts\/123245\/revisions"}],"wp:attachment":[{"href":"https:\/\/linitiative.ca\/International\/wp-json\/wp\/v2\/media?parent=123245"}],"wp:term":[{"taxonomy":"category","embeddable":true,"href":"https:\/\/linitiative.ca\/International\/wp-json\/wp\/v2\/categories?post=123245"},{"taxonomy":"post_tag","embeddable":true,"href":"https:\/\/linitiative.ca\/International\/wp-json\/wp\/v2\/tags?post=123245"}],"curies":[{"name":"wp","href":"https:\/\/api.w.org\/{rel}","templated":true}]}}