{"id":123247,"date":"2021-08-04T06:25:01","date_gmt":"2021-08-04T10:25:01","guid":{"rendered":"https:\/\/linitiative.ca\/International\/un-couloir-vert-pour-les-associations-et-importateurs-dequipements-medicaux\/"},"modified":"2021-08-04T06:25:01","modified_gmt":"2021-08-04T10:25:01","slug":"un-couloir-vert-pour-les-associations-et-importateurs-dequipements-medicaux","status":"publish","type":"post","link":"https:\/\/linitiative.ca\/International\/un-couloir-vert-pour-les-associations-et-importateurs-dequipements-medicaux\/","title":{"rendered":"Un couloir vert pour les associations et importateurs d\u2019\u00e9quipements m\u00e9dicaux"},"content":{"rendered":"<div>\n<div class=\"sriret\"><img decoding=\"async\" src=\"https:\/\/linitiative.ca\/International\/wp-content\/uploads\/sites\/23\/2021\/08\/default-picture-709x366_c-8.jpg\"><\/div>\n<p>Le retard mis dans l\u2019importation et la livraison du mat\u00e9riel et autres \u00e9quipements destin\u00e9s aux associations et op\u00e9rateurs \u00e9conomiques, mobilis\u00e9s dans le cadre de la lutte contre la pand\u00e9mie de Covid-19 \u00e0 travers le pays, continue de susciter des questionnements.<\/p>\n<p>Dans une d\u00e9claration \u00e0 El Watan, un s\u00e9nateur de la wilaya de Bouira a soulign\u00e9 qu\u2019il a \u00abinterpell\u00e9\u00bb le ministre de l\u2019Industrie pharmaceutique, Lotfi Benbahmed, au sujet des dol\u00e9ances et difficult\u00e9s auxquelles font face des associations et autres op\u00e9rateurs intervenant dans le cadre de l\u2019importation d\u2019\u00e9quipements m\u00e9dicaux (concentrateurs d\u2019oxyg\u00e8ne\u2026). Selon notre source, le ministre a d\u00e9menti le blocage des \u00e9quipements par les Douanes alg\u00e9riennes au niveau des a\u00e9roports du pays. \u00abLe ministre s\u2019est engag\u00e9, par ailleurs, tout en rassurant que tout mat\u00e9riel import\u00e9 dans le cadre des op\u00e9rations visant \u00e0 faire face \u00e0 l\u2019\u00e9pid\u00e9mie sera d\u00e9douan\u00e9 le jour m\u00eame et sera livr\u00e9 \u00e0 toutes les associations et autres collectifs\u00bb, a pr\u00e9cis\u00e9 le s\u00e9nateur. \u00abUn couloir vert a \u00e9t\u00e9 mis en place au niveau de l\u2019a\u00e9roport international d\u2019Alger, et ce, dans le but de faciliter la t\u00e2che aux importateurs\u00bb, a ajout\u00e9 notre source en rappelant les pr\u00e9cisions du ministre en question.<\/p>\n<p>\u00a0<\/p>\n<p>L\u2019article <a rel=\"nofollow\" href=\"https:\/\/www.elwatan.com\/edition\/actualite\/un-couloir-vert-pour-les-associations-et-importateurs-dequipements-medicaux-04-08-2021\">Un couloir vert pour les associations et importateurs d\u2019\u00e9quipements m\u00e9dicaux<\/a> est apparu en premier sur <a rel=\"nofollow\" href=\"https:\/\/www.elwatan.com\/\">El Watan<\/a>.<\/p>\n<\/div>\n<p>Auteur: Hicham Chouadria<br \/>\n<a href=\"https:\/\/www.elwatan.com\/edition\/actualite\/un-couloir-vert-pour-les-associations-et-importateurs-dequipements-medicaux-04-08-2021\">Cliquez ici pour lire l&rsquo;article depuis sa source.<\/a><\/p>\n","protected":false},"excerpt":{"rendered":"<p>Le retard mis dans l\u2019importation et la livraison du mat\u00e9riel et autres \u00e9quipements destin\u00e9s aux associations et op\u00e9rateurs \u00e9conomiques, mobilis\u00e9s dans le cadre de la lutte contre la pand\u00e9mie de Covid-19 \u00e0 travers le pays, continue de susciter des questionnements. Dans une d\u00e9claration \u00e0 El Watan, un s\u00e9nateur de la wilaya de Bouira a soulign\u00e9 [&hellip;]<\/p>\n","protected":false},"author":1743,"featured_media":0,"comment_status":"closed","ping_status":"closed","sticky":false,"template":"","format":"standard","meta":{"fifu_image_url":"https:\/\/www.elwatan.com\/wp-content\/themes\/spectr\/img\/default-picture-709x366_c.jpg","fifu_image_alt":"Un couloir vert pour les associations et importateurs d\u2019\u00e9quipements m\u00e9dicaux","footnotes":""},"categories":[73,53],"tags":[],"class_list":["post-123247","post","type-post","status-publish","format-standard","hentry","category-actualite","category-algerie"],"_links":{"self":[{"href":"https:\/\/linitiative.ca\/International\/wp-json\/wp\/v2\/posts\/123247","targetHints":{"allow":["GET"]}}],"collection":[{"href":"https:\/\/linitiative.ca\/International\/wp-json\/wp\/v2\/posts"}],"about":[{"href":"https:\/\/linitiative.ca\/International\/wp-json\/wp\/v2\/types\/post"}],"author":[{"embeddable":true,"href":"https:\/\/linitiative.ca\/International\/wp-json\/wp\/v2\/users\/1743"}],"replies":[{"embeddable":true,"href":"https:\/\/linitiative.ca\/International\/wp-json\/wp\/v2\/comments?post=123247"}],"version-history":[{"count":0,"href":"https:\/\/linitiative.ca\/International\/wp-json\/wp\/v2\/posts\/123247\/revisions"}],"wp:attachment":[{"href":"https:\/\/linitiative.ca\/International\/wp-json\/wp\/v2\/media?parent=123247"}],"wp:term":[{"taxonomy":"category","embeddable":true,"href":"https:\/\/linitiative.ca\/International\/wp-json\/wp\/v2\/categories?post=123247"},{"taxonomy":"post_tag","embeddable":true,"href":"https:\/\/linitiative.ca\/International\/wp-json\/wp\/v2\/tags?post=123247"}],"curies":[{"name":"wp","href":"https:\/\/api.w.org\/{rel}","templated":true}]}}