{"id":123251,"date":"2021-08-04T06:40:32","date_gmt":"2021-08-04T10:40:32","guid":{"rendered":"https:\/\/linitiative.ca\/International\/arrivee-au-mois-de-juillet-de-plus-de-2-000-harraga-algeriens-en-espagne-des-femmes-et-des-enfants-parmi-les-migrants\/"},"modified":"2021-08-04T06:40:32","modified_gmt":"2021-08-04T10:40:32","slug":"arrivee-au-mois-de-juillet-de-plus-de-2-000-harraga-algeriens-en-espagne-des-femmes-et-des-enfants-parmi-les-migrants","status":"publish","type":"post","link":"https:\/\/linitiative.ca\/International\/arrivee-au-mois-de-juillet-de-plus-de-2-000-harraga-algeriens-en-espagne-des-femmes-et-des-enfants-parmi-les-migrants\/","title":{"rendered":"Arriv\u00e9e au mois de juillet de plus de 2\u00a0000 harraga alg\u00e9riens en Espagne : Des femmes et des enfants parmi les migrants"},"content":{"rendered":"<div>\n<div class=\"sriret\"><img loading=\"lazy\" decoding=\"async\" width=\"600\" height=\"399\" src=\"https:\/\/linitiative.ca\/International\/wp-content\/uploads\/sites\/23\/2021\/08\/B.-souhil-e1544400189363.jpg\" class=\"attachment-featured_large size-featured_large wp-post-image\" alt=\"Un march\u00e9 morbide en plein essor : Plong\u00e9e dans les eaux troubles des fili\u00e8res des migrants\" style=\"margin-bottom: 15px;\"><\/div>\n<p>Pour le seul mois de juillet, 2217 harraga alg\u00e9riens ont r\u00e9ussi \u00e0 atteindre les c\u00f4tes espagnoles, a rapport\u00e9 l\u2019ONG ib\u00e9rique, le Centre international d\u2019identification des migrants disparus, bas\u00e9e \u00e0 Malaga. Cependant, pr\u00e9cise la m\u00eame source \u00ab1417 d\u2019entre eux ont \u00e9t\u00e9 intercept\u00e9s par la Guardia Civil, ou les gardes-c\u00f4tes espagnols (\u2026), les 800 autres ont r\u00e9ussi \u00e0 se faufiler dans le pays sans se faire arr\u00eater\u00bb.<\/p>\n<p>Des migrants, dont des femmes et des enfants, qui sont arriv\u00e9s \u00e0 bord de 120 barques sur les plages d\u2019Almeria et des Bal\u00e9ares. Une fois arr\u00eat\u00e9s et interrog\u00e9s, les harraga sont plac\u00e9s au centre de r\u00e9tention pour \u00e9trangers. Ils sont, ensuite, rel\u00e2ch\u00e9s au bout de 48 ou 72 heures, avec des d\u00e9cisions d\u2019expulsion qui, selon nos sources, ne sont pas toujours appliqu\u00e9es.<\/p>\n<p>\u00a0<\/p>\n<p>*Retrouvez l\u2019int\u00e9gralit\u00e9 de nos articles sur la version papier<\/p>\n<p>L\u2019article <a rel=\"nofollow\" href=\"https:\/\/www.elwatan.com\/a-la-une\/arrivee-au-mois-de-juillet-de-plus-de-2-000-harraga-algeriens-en-espagne-des-femmes-et-des-enfants-parmi-les-migrants-04-08-2021\">Arriv\u00e9e au mois de juillet de plus de 2\u00a0000 harraga alg\u00e9riens en Espagne : Des femmes et des enfants parmi les migrants<\/a> est apparu en premier sur <a rel=\"nofollow\" href=\"https:\/\/www.elwatan.com\/\">El Watan<\/a>.<\/p>\n<\/div>\n<p>Auteur: Hicham Chouadria<br \/>\n<a href=\"https:\/\/www.elwatan.com\/a-la-une\/arrivee-au-mois-de-juillet-de-plus-de-2-000-harraga-algeriens-en-espagne-des-femmes-et-des-enfants-parmi-les-migrants-04-08-2021\">Cliquez ici pour lire l&rsquo;article depuis sa source.<\/a><\/p>\n","protected":false},"excerpt":{"rendered":"<p>Pour le seul mois de juillet, 2217 harraga alg\u00e9riens ont r\u00e9ussi \u00e0 atteindre les c\u00f4tes espagnoles, a rapport\u00e9 l\u2019ONG ib\u00e9rique, le Centre international d\u2019identification des migrants disparus, bas\u00e9e \u00e0 Malaga. Cependant, pr\u00e9cise la m\u00eame source \u00ab1417 d\u2019entre eux ont \u00e9t\u00e9 intercept\u00e9s par la Guardia Civil, ou les gardes-c\u00f4tes espagnols (\u2026), les 800 autres ont r\u00e9ussi [&hellip;]<\/p>\n","protected":false},"author":1743,"featured_media":0,"comment_status":"closed","ping_status":"closed","sticky":false,"template":"","format":"standard","meta":{"fifu_image_url":"https:\/\/www.elwatan.com\/wp-content\/uploads\/2018\/12\/B.-souhil-e1544400189363.jpg","fifu_image_alt":"Arriv\u00e9e au mois de juillet de plus de 2\u00a0000 harraga alg\u00e9riens en Espagne : Des femmes et des enfants parmi les migrants","footnotes":""},"categories":[73,53],"tags":[],"class_list":["post-123251","post","type-post","status-publish","format-standard","hentry","category-actualite","category-algerie"],"_links":{"self":[{"href":"https:\/\/linitiative.ca\/International\/wp-json\/wp\/v2\/posts\/123251","targetHints":{"allow":["GET"]}}],"collection":[{"href":"https:\/\/linitiative.ca\/International\/wp-json\/wp\/v2\/posts"}],"about":[{"href":"https:\/\/linitiative.ca\/International\/wp-json\/wp\/v2\/types\/post"}],"author":[{"embeddable":true,"href":"https:\/\/linitiative.ca\/International\/wp-json\/wp\/v2\/users\/1743"}],"replies":[{"embeddable":true,"href":"https:\/\/linitiative.ca\/International\/wp-json\/wp\/v2\/comments?post=123251"}],"version-history":[{"count":0,"href":"https:\/\/linitiative.ca\/International\/wp-json\/wp\/v2\/posts\/123251\/revisions"}],"wp:attachment":[{"href":"https:\/\/linitiative.ca\/International\/wp-json\/wp\/v2\/media?parent=123251"}],"wp:term":[{"taxonomy":"category","embeddable":true,"href":"https:\/\/linitiative.ca\/International\/wp-json\/wp\/v2\/categories?post=123251"},{"taxonomy":"post_tag","embeddable":true,"href":"https:\/\/linitiative.ca\/International\/wp-json\/wp\/v2\/tags?post=123251"}],"curies":[{"name":"wp","href":"https:\/\/api.w.org\/{rel}","templated":true}]}}