{"id":123255,"date":"2021-08-04T04:05:00","date_gmt":"2021-08-04T08:05:00","guid":{"rendered":"https:\/\/linitiative.ca\/International\/tijani-haddad-valeurs-universelles-a-la-tete-du-client\/"},"modified":"2021-08-04T04:05:00","modified_gmt":"2021-08-04T08:05:00","slug":"tijani-haddad-valeurs-universelles-a-la-tete-du-client","status":"publish","type":"post","link":"https:\/\/linitiative.ca\/International\/tijani-haddad-valeurs-universelles-a-la-tete-du-client\/","title":{"rendered":"Tijani Haddad: Valeurs universelles \u00e0 la t\u00eate du client"},"content":{"rendered":"<div><img decoding=\"async\" src=\"https:\/\/linitiative.ca\/International\/wp-content\/uploads\/sites\/23\/2021\/08\/1628064099_article.jpg\" alt=\"Tijani Haddad: Valeurs universelles \u00e0 la t\u00eate du client \" align=\"left\">La d\u00e9mocratie, les droits de l\u2019Homme et les libert\u00e9s individuelles font, de nos jours, couler beaucoup d\u2019encre, alimentent\u00a0 les discours politiques et s\u2019attribuent la majorit\u00e9 des prises de position.<br \/>\nSeulement, certains chantres de ces valeurs universelles, qu\u2019ils soient individus, organisations ou pays, gagneraient \u00e0 \u00eatre plus objectifs, plus coh\u00e9rents avec eux-m\u00eames et, partant, avec les nobles principes dont ils se font les d\u00e9fenseurs acharn\u00e9s. Ces valeurs, cens\u00e9es \u00eatre universelles, cessent de l\u2019\u00eatre d\u00e8s lors qu\u2019elles sont confront\u00e9es \u00e0 leurs propres int\u00e9r\u00eats ou \u00e0 ceux de leurs alli\u00e9s. Chez eux, s\u2019agissant des immigr\u00e9s, des atteintes \u00e0 ces valeurs &#8230;<\/p>\n<\/div>\n<p>Auteur:<br \/>\n<a href=\"https:\/\/www.leaders.com.tn\/article\/32243-tijani-haddad-valeurs-universelles-a-la-tete-du-client\">Cliquez ici pour lire l&rsquo;article depuis sa source.<\/a><\/p>\n","protected":false},"excerpt":{"rendered":"<p>La d\u00e9mocratie, les droits de l\u2019Homme et les libert\u00e9s individuelles font, de nos jours, couler beaucoup d\u2019encre, alimentent\u00a0 les discours politiques et s\u2019attribuent la majorit\u00e9 des prises de position. Seulement, certains chantres de ces valeurs universelles, qu\u2019ils soient individus, organisations ou pays, gagneraient \u00e0 \u00eatre plus objectifs, plus coh\u00e9rents avec eux-m\u00eames et, partant, avec les [&hellip;]<\/p>\n","protected":false},"author":1772,"featured_media":0,"comment_status":"closed","ping_status":"closed","sticky":false,"template":"","format":"standard","meta":{"fifu_image_url":"http:\/\/www.leaders.com.tn\/uploads\/content\/thumbnails_small\/1628064099_article.jpg","fifu_image_alt":"Tijani Haddad: Valeurs universelles \u00e0 la t\u00eate du client","footnotes":""},"categories":[73,55],"tags":[],"class_list":["post-123255","post","type-post","status-publish","format-standard","hentry","category-actualite","category-tunisie"],"_links":{"self":[{"href":"https:\/\/linitiative.ca\/International\/wp-json\/wp\/v2\/posts\/123255","targetHints":{"allow":["GET"]}}],"collection":[{"href":"https:\/\/linitiative.ca\/International\/wp-json\/wp\/v2\/posts"}],"about":[{"href":"https:\/\/linitiative.ca\/International\/wp-json\/wp\/v2\/types\/post"}],"author":[{"embeddable":true,"href":"https:\/\/linitiative.ca\/International\/wp-json\/wp\/v2\/users\/1772"}],"replies":[{"embeddable":true,"href":"https:\/\/linitiative.ca\/International\/wp-json\/wp\/v2\/comments?post=123255"}],"version-history":[{"count":0,"href":"https:\/\/linitiative.ca\/International\/wp-json\/wp\/v2\/posts\/123255\/revisions"}],"wp:attachment":[{"href":"https:\/\/linitiative.ca\/International\/wp-json\/wp\/v2\/media?parent=123255"}],"wp:term":[{"taxonomy":"category","embeddable":true,"href":"https:\/\/linitiative.ca\/International\/wp-json\/wp\/v2\/categories?post=123255"},{"taxonomy":"post_tag","embeddable":true,"href":"https:\/\/linitiative.ca\/International\/wp-json\/wp\/v2\/tags?post=123255"}],"curies":[{"name":"wp","href":"https:\/\/api.w.org\/{rel}","templated":true}]}}