{"id":123257,"date":"2021-08-04T04:25:00","date_gmt":"2021-08-04T08:25:00","guid":{"rendered":"https:\/\/linitiative.ca\/International\/la-bct-sinquiete-de-la-hausse-du-taux-dinflation-et-appelle-a-la-mise-en-place-dun-plan-de-reformes-economiques\/"},"modified":"2021-08-04T04:25:00","modified_gmt":"2021-08-04T08:25:00","slug":"la-bct-sinquiete-de-la-hausse-du-taux-dinflation-et-appelle-a-la-mise-en-place-dun-plan-de-reformes-economiques","status":"publish","type":"post","link":"https:\/\/linitiative.ca\/International\/la-bct-sinquiete-de-la-hausse-du-taux-dinflation-et-appelle-a-la-mise-en-place-dun-plan-de-reformes-economiques\/","title":{"rendered":"La BCT s&rsquo;inqui\u00e8te de la hausse du taux d&rsquo;inflation et appelle \u00e0 la mise en place d&rsquo;un plan de r\u00e9formes \u00e9conomiques"},"content":{"rendered":"<div><img decoding=\"async\" src=\"https:\/\/linitiative.ca\/International\/wp-content\/uploads\/sites\/23\/2021\/08\/1628064400_article.jpg\" alt=\"La BCT s\" inqui de la hausse du taux d et appelle mise en place plan r align=\"left\">Le Conseil d\u2019Administration de la BCT a tenu sa r\u00e9union p\u00e9riodique le mardi 03 ao\u00fbt 2021 et a pris connaissance, au d\u00e9but de ses travaux, des d\u00e9veloppements r\u00e9cents de la conjoncture sur les plans \u00e9conomique, mon\u00e9taire et financier, passant en revue les donn\u00e9es relatives \u00e0 l\u2019activit\u00e9 \u00e9conomique et au d\u00e9roulement des transactions sur les march\u00e9s mon\u00e9taire et de change, ainsi que l\u2019\u00e9volution de la liquidit\u00e9 et de l\u2019activit\u00e9 du secteur bancaire.<br \/>\nDans ce contexte, le Conseil a constat\u00e9 la hausse du taux d\u2019inflation pour atteindre 5,7%, en glissement annuel, en juin 2021 contre 5,0% le mois pr\u00e9c\u00e9dent et 5,8% au cours du m\u00eame mois de l\u2019ann\u00e9e \u00e9coul\u00e9e. &#8230;<\/p>\n<\/div>\n<p>Auteur:<br \/>\n<a href=\"https:\/\/www.leaders.com.tn\/article\/32244-la-bct-s-inquiete-de-la-hausse-du-taux-d-inflation-et-appelle-a-la-mise-en-place-d-un-plan-de-reformes-economiques\">Cliquez ici pour lire l&rsquo;article depuis sa source.<\/a><\/p>\n","protected":false},"excerpt":{"rendered":"<p>Le Conseil d\u2019Administration de la BCT a tenu sa r\u00e9union p\u00e9riodique le mardi 03 ao\u00fbt 2021 et a pris connaissance, au d\u00e9but de ses travaux, des d\u00e9veloppements r\u00e9cents de la conjoncture sur les plans \u00e9conomique, mon\u00e9taire et financier, passant en revue les donn\u00e9es relatives \u00e0 l\u2019activit\u00e9 \u00e9conomique et au d\u00e9roulement des transactions sur les march\u00e9s [&hellip;]<\/p>\n","protected":false},"author":1772,"featured_media":0,"comment_status":"closed","ping_status":"closed","sticky":false,"template":"","format":"standard","meta":{"fifu_image_url":"http:\/\/www.leaders.com.tn\/uploads\/content\/thumbnails_small\/1628064400_article.jpg","fifu_image_alt":"<div>La BCT s'inqui\u00e8te de la hausse du taux d'inflation et appelle \u00e0 la mise en place d'un plan de r\u00e9formes \u00e9conomiques<\/div>","footnotes":""},"categories":[73,55],"tags":[],"class_list":["post-123257","post","type-post","status-publish","format-standard","hentry","category-actualite","category-tunisie"],"_links":{"self":[{"href":"https:\/\/linitiative.ca\/International\/wp-json\/wp\/v2\/posts\/123257","targetHints":{"allow":["GET"]}}],"collection":[{"href":"https:\/\/linitiative.ca\/International\/wp-json\/wp\/v2\/posts"}],"about":[{"href":"https:\/\/linitiative.ca\/International\/wp-json\/wp\/v2\/types\/post"}],"author":[{"embeddable":true,"href":"https:\/\/linitiative.ca\/International\/wp-json\/wp\/v2\/users\/1772"}],"replies":[{"embeddable":true,"href":"https:\/\/linitiative.ca\/International\/wp-json\/wp\/v2\/comments?post=123257"}],"version-history":[{"count":0,"href":"https:\/\/linitiative.ca\/International\/wp-json\/wp\/v2\/posts\/123257\/revisions"}],"wp:attachment":[{"href":"https:\/\/linitiative.ca\/International\/wp-json\/wp\/v2\/media?parent=123257"}],"wp:term":[{"taxonomy":"category","embeddable":true,"href":"https:\/\/linitiative.ca\/International\/wp-json\/wp\/v2\/categories?post=123257"},{"taxonomy":"post_tag","embeddable":true,"href":"https:\/\/linitiative.ca\/International\/wp-json\/wp\/v2\/tags?post=123257"}],"curies":[{"name":"wp","href":"https:\/\/api.w.org\/{rel}","templated":true}]}}