{"id":123263,"date":"2021-08-04T08:38:24","date_gmt":"2021-08-04T12:38:24","guid":{"rendered":"https:\/\/linitiative.ca\/International\/blanchiment-de-capitaux-et-financement-du-terrorisme-la-douane-sensibilise-sur-les-nouvelles-dispositions-de-lutte\/"},"modified":"2021-08-04T08:38:24","modified_gmt":"2021-08-04T12:38:24","slug":"blanchiment-de-capitaux-et-financement-du-terrorisme-la-douane-sensibilise-sur-les-nouvelles-dispositions-de-lutte","status":"publish","type":"post","link":"https:\/\/linitiative.ca\/International\/blanchiment-de-capitaux-et-financement-du-terrorisme-la-douane-sensibilise-sur-les-nouvelles-dispositions-de-lutte\/","title":{"rendered":"Blanchiment de capitaux et financement du terrorisme. La Douane sensibilise sur les nouvelles dispositions de lutte"},"content":{"rendered":"<div><img decoding=\"async\" width=\"756\" height=\"495\" src=\"https:\/\/linitiative.ca\/International\/wp-content\/uploads\/sites\/23\/2021\/08\/ADII-1.jpg\" class=\"attachment-post-thumbnail size-post-thumbnail wp-post-image\" alt=\"\" loading=\"lazy\" srcset=\"https:\/\/linitiative.ca\/International\/wp-content\/uploads\/sites\/23\/2021\/08\/ADII-1.jpg 756w, https:\/\/www.challenge.ma\/wp-content\/uploads\/2021\/08\/ADII-1-300x196.jpg 300w, https:\/\/www.challenge.ma\/wp-content\/uploads\/2021\/08\/ADII-1-360x236.jpg 360w, https:\/\/www.challenge.ma\/wp-content\/uploads\/2021\/08\/ADII-1-750x491.jpg 750w\" sizes=\"auto, (max-width: 756px) 100vw, 756px\" itemprop=\"image\">L\u2019Administration des Douanes et Imp\u00f4ts Indirects (ADII) a organis\u00e9 une s\u00e9rie de rencontres, dans le cadre de la vulgarisation des nouvelles dispositions en mati\u00e8re de lutte contre le blanchiment de capitaux et le financement du terrorisme. Dans un communiqu\u00e9, l\u2019ADII indique que la loi n\u00b012.18 publi\u00e9e au bulletin officiel le<\/div>\n<p>Auteur: challenge<br \/>\n<a href=\"https:\/\/www.challenge.ma\/blanchiment-de-capitaux-et-financement-du-terrorisme-ladii-sensibilise-sur-les-nouvelles-dispositions-de-lutte-194924\/\">Cliquez ici pour lire l&rsquo;article depuis sa source.<\/a><\/p>\n","protected":false},"excerpt":{"rendered":"<p>L\u2019Administration des Douanes et Imp\u00f4ts Indirects (ADII) a organis\u00e9 une s\u00e9rie de rencontres, dans le cadre de la vulgarisation des nouvelles dispositions en mati\u00e8re de lutte contre le blanchiment de capitaux et le financement du terrorisme. Dans un communiqu\u00e9, l\u2019ADII indique que la loi n\u00b012.18 publi\u00e9e au bulletin officiel le Auteur: challenge Cliquez ici pour [&hellip;]<\/p>\n","protected":false},"author":1787,"featured_media":0,"comment_status":"closed","ping_status":"closed","sticky":false,"template":"","format":"standard","meta":{"fifu_image_url":"https:\/\/www.challenge.ma\/wp-content\/uploads\/2021\/08\/ADII-1.jpg","fifu_image_alt":"Blanchiment de capitaux et financement du terrorisme. La Douane sensibilise sur les nouvelles dispositions de lutte","footnotes":""},"categories":[78,54],"tags":[],"class_list":["post-123263","post","type-post","status-publish","format-standard","hentry","category-economie","category-maroc"],"_links":{"self":[{"href":"https:\/\/linitiative.ca\/International\/wp-json\/wp\/v2\/posts\/123263","targetHints":{"allow":["GET"]}}],"collection":[{"href":"https:\/\/linitiative.ca\/International\/wp-json\/wp\/v2\/posts"}],"about":[{"href":"https:\/\/linitiative.ca\/International\/wp-json\/wp\/v2\/types\/post"}],"author":[{"embeddable":true,"href":"https:\/\/linitiative.ca\/International\/wp-json\/wp\/v2\/users\/1787"}],"replies":[{"embeddable":true,"href":"https:\/\/linitiative.ca\/International\/wp-json\/wp\/v2\/comments?post=123263"}],"version-history":[{"count":0,"href":"https:\/\/linitiative.ca\/International\/wp-json\/wp\/v2\/posts\/123263\/revisions"}],"wp:attachment":[{"href":"https:\/\/linitiative.ca\/International\/wp-json\/wp\/v2\/media?parent=123263"}],"wp:term":[{"taxonomy":"category","embeddable":true,"href":"https:\/\/linitiative.ca\/International\/wp-json\/wp\/v2\/categories?post=123263"},{"taxonomy":"post_tag","embeddable":true,"href":"https:\/\/linitiative.ca\/International\/wp-json\/wp\/v2\/tags?post=123263"}],"curies":[{"name":"wp","href":"https:\/\/api.w.org\/{rel}","templated":true}]}}