{"id":123265,"date":"2021-08-04T11:12:13","date_gmt":"2021-08-04T15:12:13","guid":{"rendered":"https:\/\/linitiative.ca\/International\/football-lemblematique-gardien-de-but-ahmed-belkorchi-nest-plus\/"},"modified":"2021-08-04T11:12:13","modified_gmt":"2021-08-04T15:12:13","slug":"football-lemblematique-gardien-de-but-ahmed-belkorchi-nest-plus","status":"publish","type":"post","link":"https:\/\/linitiative.ca\/International\/football-lemblematique-gardien-de-but-ahmed-belkorchi-nest-plus\/","title":{"rendered":"Football. L\u2019embl\u00e9matique gardien de but Ahmed Belkorchi n\u2019est plus"},"content":{"rendered":"<div><img decoding=\"async\" width=\"522\" height=\"343\" src=\"https:\/\/linitiative.ca\/International\/wp-content\/uploads\/sites\/23\/2021\/08\/Ahmed-Belkhorchi.jpg\" class=\"attachment-post-thumbnail size-post-thumbnail wp-post-image\" alt=\"\" loading=\"lazy\" srcset=\"https:\/\/linitiative.ca\/International\/wp-content\/uploads\/sites\/23\/2021\/08\/Ahmed-Belkhorchi.jpg 522w, https:\/\/www.challenge.ma\/wp-content\/uploads\/2021\/08\/Ahmed-Belkhorchi-300x197.jpg 300w, https:\/\/www.challenge.ma\/wp-content\/uploads\/2021\/08\/Ahmed-Belkhorchi-360x237.jpg 360w\" sizes=\"auto, (max-width: 522px) 100vw, 522px\" itemprop=\"image\">Triste nouvelle que celle du d\u00e9c\u00e8s de l\u2019embl\u00e9matique gardien de but Si Ahmed Belkorchi, connu sous le pseudonyme \u00abChaoui\u00bb et qui s\u2019\u00e9tait taill\u00e9 une solide r\u00e9putation durant les ann\u00e9es 70 au regard de ses belles parades d\u00e9cisives, tant dans son \u00e9quipe de Marrakech, que dans l\u2019\u00e9quipe nationale. D\u2019aucun se souviennent<\/div>\n<p>Auteur: challenge<br \/>\n<a href=\"https:\/\/www.challenge.ma\/football-lemblematique-gardien-de-but-ahmed-belkorchi-nest-plus-194937\/\">Cliquez ici pour lire l&rsquo;article depuis sa source.<\/a><\/p>\n","protected":false},"excerpt":{"rendered":"<p>Triste nouvelle que celle du d\u00e9c\u00e8s de l\u2019embl\u00e9matique gardien de but Si Ahmed Belkorchi, connu sous le pseudonyme \u00abChaoui\u00bb et qui s\u2019\u00e9tait taill\u00e9 une solide r\u00e9putation durant les ann\u00e9es 70 au regard de ses belles parades d\u00e9cisives, tant dans son \u00e9quipe de Marrakech, que dans l\u2019\u00e9quipe nationale. D\u2019aucun se souviennent Auteur: challenge Cliquez ici pour [&hellip;]<\/p>\n","protected":false},"author":1787,"featured_media":0,"comment_status":"closed","ping_status":"closed","sticky":false,"template":"","format":"standard","meta":{"fifu_image_url":"https:\/\/www.challenge.ma\/wp-content\/uploads\/2021\/08\/Ahmed-Belkhorchi.jpg","fifu_image_alt":"Football. L\u2019embl\u00e9matique gardien de but Ahmed Belkorchi n\u2019est plus","footnotes":""},"categories":[78,54],"tags":[],"class_list":["post-123265","post","type-post","status-publish","format-standard","hentry","category-economie","category-maroc"],"_links":{"self":[{"href":"https:\/\/linitiative.ca\/International\/wp-json\/wp\/v2\/posts\/123265","targetHints":{"allow":["GET"]}}],"collection":[{"href":"https:\/\/linitiative.ca\/International\/wp-json\/wp\/v2\/posts"}],"about":[{"href":"https:\/\/linitiative.ca\/International\/wp-json\/wp\/v2\/types\/post"}],"author":[{"embeddable":true,"href":"https:\/\/linitiative.ca\/International\/wp-json\/wp\/v2\/users\/1787"}],"replies":[{"embeddable":true,"href":"https:\/\/linitiative.ca\/International\/wp-json\/wp\/v2\/comments?post=123265"}],"version-history":[{"count":0,"href":"https:\/\/linitiative.ca\/International\/wp-json\/wp\/v2\/posts\/123265\/revisions"}],"wp:attachment":[{"href":"https:\/\/linitiative.ca\/International\/wp-json\/wp\/v2\/media?parent=123265"}],"wp:term":[{"taxonomy":"category","embeddable":true,"href":"https:\/\/linitiative.ca\/International\/wp-json\/wp\/v2\/categories?post=123265"},{"taxonomy":"post_tag","embeddable":true,"href":"https:\/\/linitiative.ca\/International\/wp-json\/wp\/v2\/tags?post=123265"}],"curies":[{"name":"wp","href":"https:\/\/api.w.org\/{rel}","templated":true}]}}