{"id":123269,"date":"2021-08-04T12:56:13","date_gmt":"2021-08-04T16:56:13","guid":{"rendered":"https:\/\/linitiative.ca\/International\/micro-credit-les-nouvelles-dispositions-legales-entrent-en-vigueur\/"},"modified":"2021-08-04T12:56:13","modified_gmt":"2021-08-04T16:56:13","slug":"micro-credit-les-nouvelles-dispositions-legales-entrent-en-vigueur","status":"publish","type":"post","link":"https:\/\/linitiative.ca\/International\/micro-credit-les-nouvelles-dispositions-legales-entrent-en-vigueur\/","title":{"rendered":"Micro-cr\u00e9dit. Les nouvelles dispositions l\u00e9gales entrent en vigueur"},"content":{"rendered":"<div><img decoding=\"async\" width=\"750\" height=\"422\" src=\"https:\/\/linitiative.ca\/International\/wp-content\/uploads\/sites\/23\/2021\/08\/microcredit-750x422-4.jpg\" class=\"attachment-post-thumbnail size-post-thumbnail wp-post-image\" alt=\"\" loading=\"lazy\" srcset=\"https:\/\/linitiative.ca\/International\/wp-content\/uploads\/sites\/23\/2021\/08\/microcredit-750x422-4.jpg 750w, https:\/\/www.challenge.ma\/wp-content\/uploads\/2021\/08\/microcredit-750x422-4-300x169.jpg 300w, https:\/\/www.challenge.ma\/wp-content\/uploads\/2021\/08\/microcredit-750x422-4-360x203.jpg 360w\" sizes=\"auto, (max-width: 750px) 100vw, 750px\" itemprop=\"image\">L\u2019un des principaux obstacles au d\u00e9veloppement des TPE est aff\u00e9rent \u00e0 l\u2019acc\u00e8s au financement. La loi portant r\u00e9forme de la r\u00e9glementation des activit\u00e9s de micro-cr\u00e9dit vient d\u2019\u00eatre publi\u00e9e. C\u2019est une \u00ab\u00a0bouff\u00e9e d\u2019oxyg\u00e8ne\u00a0\u00bb en ces \u00ab\u00a0temps covidiens\u00a0\u00bb. Le plafond de pr\u00eat, accord\u00e9 par les \u00e9tablissements de micro-cr\u00e9dit, auparavant limit\u00e9 \u00e0 50\u00a0000<\/div>\n<p>Auteur: Mohamed Amine<br \/>\n<a href=\"https:\/\/www.challenge.ma\/micro-credit-les-nouvelles-dispositions-legales-entrent-en-vigueur-194953\/\">Cliquez ici pour lire l&rsquo;article depuis sa source.<\/a><\/p>\n","protected":false},"excerpt":{"rendered":"<p>L\u2019un des principaux obstacles au d\u00e9veloppement des TPE est aff\u00e9rent \u00e0 l\u2019acc\u00e8s au financement. La loi portant r\u00e9forme de la r\u00e9glementation des activit\u00e9s de micro-cr\u00e9dit vient d\u2019\u00eatre publi\u00e9e. C\u2019est une \u00ab\u00a0bouff\u00e9e d\u2019oxyg\u00e8ne\u00a0\u00bb en ces \u00ab\u00a0temps covidiens\u00a0\u00bb. Le plafond de pr\u00eat, accord\u00e9 par les \u00e9tablissements de micro-cr\u00e9dit, auparavant limit\u00e9 \u00e0 50\u00a0000 Auteur: Mohamed Amine Cliquez ici [&hellip;]<\/p>\n","protected":false},"author":1787,"featured_media":0,"comment_status":"closed","ping_status":"closed","sticky":false,"template":"","format":"standard","meta":{"fifu_image_url":"https:\/\/www.challenge.ma\/wp-content\/uploads\/2021\/08\/microcredit-750x422-4.jpg","fifu_image_alt":"Micro-cr\u00e9dit. Les nouvelles dispositions l\u00e9gales entrent en vigueur","footnotes":""},"categories":[78,54],"tags":[],"class_list":["post-123269","post","type-post","status-publish","format-standard","hentry","category-economie","category-maroc"],"_links":{"self":[{"href":"https:\/\/linitiative.ca\/International\/wp-json\/wp\/v2\/posts\/123269","targetHints":{"allow":["GET"]}}],"collection":[{"href":"https:\/\/linitiative.ca\/International\/wp-json\/wp\/v2\/posts"}],"about":[{"href":"https:\/\/linitiative.ca\/International\/wp-json\/wp\/v2\/types\/post"}],"author":[{"embeddable":true,"href":"https:\/\/linitiative.ca\/International\/wp-json\/wp\/v2\/users\/1787"}],"replies":[{"embeddable":true,"href":"https:\/\/linitiative.ca\/International\/wp-json\/wp\/v2\/comments?post=123269"}],"version-history":[{"count":0,"href":"https:\/\/linitiative.ca\/International\/wp-json\/wp\/v2\/posts\/123269\/revisions"}],"wp:attachment":[{"href":"https:\/\/linitiative.ca\/International\/wp-json\/wp\/v2\/media?parent=123269"}],"wp:term":[{"taxonomy":"category","embeddable":true,"href":"https:\/\/linitiative.ca\/International\/wp-json\/wp\/v2\/categories?post=123269"},{"taxonomy":"post_tag","embeddable":true,"href":"https:\/\/linitiative.ca\/International\/wp-json\/wp\/v2\/tags?post=123269"}],"curies":[{"name":"wp","href":"https:\/\/api.w.org\/{rel}","templated":true}]}}