{"id":123271,"date":"2021-08-04T13:39:04","date_gmt":"2021-08-04T17:39:04","guid":{"rendered":"https:\/\/linitiative.ca\/International\/maroc-le-ministere-de-la-sante-lance-le-premier-smart-vaccinodrome-integre\/"},"modified":"2021-08-04T13:39:04","modified_gmt":"2021-08-04T17:39:04","slug":"maroc-le-ministere-de-la-sante-lance-le-premier-smart-vaccinodrome-integre","status":"publish","type":"post","link":"https:\/\/linitiative.ca\/International\/maroc-le-ministere-de-la-sante-lance-le-premier-smart-vaccinodrome-integre\/","title":{"rendered":"Maroc. Le Minist\u00e8re de la Sant\u00e9 lance le premier Smart Vaccinodrome int\u00e9gr\u00e9"},"content":{"rendered":"<div><img decoding=\"async\" width=\"686\" height=\"457\" src=\"https:\/\/linitiative.ca\/International\/wp-content\/uploads\/sites\/23\/2021\/08\/vaccination-maroc.png\" class=\"attachment-post-thumbnail size-post-thumbnail wp-post-image\" alt=\"\" loading=\"lazy\" srcset=\"https:\/\/linitiative.ca\/International\/wp-content\/uploads\/sites\/23\/2021\/08\/vaccination-maroc.png 686w, https:\/\/www.challenge.ma\/wp-content\/uploads\/2021\/08\/vaccination-maroc-300x200.png 300w, https:\/\/www.challenge.ma\/wp-content\/uploads\/2021\/08\/vaccination-maroc-360x240.png 360w\" sizes=\"auto, (max-width: 686px) 100vw, 686px\" itemprop=\"image\">Dans le cadre des efforts du Royaume en mati\u00e8re de gestion de la pand\u00e9mie Covid 19, et afin d\u2019acc\u00e9l\u00e9rer le rythme du processus national de vaccination contre la Covid-19, le Ministre de la Sant\u00e9, le professeur Khalid Ait Taleb, a pr\u00e9sid\u00e9, accompagn\u00e9 du Gouverneur de la province de Nouacer, l\u2019inauguration<\/div>\n<p>Auteur: challenge<br \/>\n<a href=\"https:\/\/www.challenge.ma\/maroc-le-ministere-de-la-sante-lance-le-premier-smart-vaccinodrome-integre-194961\/\">Cliquez ici pour lire l&rsquo;article depuis sa source.<\/a><\/p>\n","protected":false},"excerpt":{"rendered":"<p>Dans le cadre des efforts du Royaume en mati\u00e8re de gestion de la pand\u00e9mie Covid 19, et afin d\u2019acc\u00e9l\u00e9rer le rythme du processus national de vaccination contre la Covid-19, le Ministre de la Sant\u00e9, le professeur Khalid Ait Taleb, a pr\u00e9sid\u00e9, accompagn\u00e9 du Gouverneur de la province de Nouacer, l\u2019inauguration Auteur: challenge Cliquez ici pour [&hellip;]<\/p>\n","protected":false},"author":1787,"featured_media":0,"comment_status":"closed","ping_status":"closed","sticky":false,"template":"","format":"standard","meta":{"fifu_image_url":"https:\/\/www.challenge.ma\/wp-content\/uploads\/2021\/08\/vaccination-maroc.png","fifu_image_alt":"Maroc. Le Minist\u00e8re de la Sant\u00e9 lance le premier Smart Vaccinodrome int\u00e9gr\u00e9","footnotes":""},"categories":[78,54],"tags":[],"class_list":["post-123271","post","type-post","status-publish","format-standard","hentry","category-economie","category-maroc"],"_links":{"self":[{"href":"https:\/\/linitiative.ca\/International\/wp-json\/wp\/v2\/posts\/123271","targetHints":{"allow":["GET"]}}],"collection":[{"href":"https:\/\/linitiative.ca\/International\/wp-json\/wp\/v2\/posts"}],"about":[{"href":"https:\/\/linitiative.ca\/International\/wp-json\/wp\/v2\/types\/post"}],"author":[{"embeddable":true,"href":"https:\/\/linitiative.ca\/International\/wp-json\/wp\/v2\/users\/1787"}],"replies":[{"embeddable":true,"href":"https:\/\/linitiative.ca\/International\/wp-json\/wp\/v2\/comments?post=123271"}],"version-history":[{"count":0,"href":"https:\/\/linitiative.ca\/International\/wp-json\/wp\/v2\/posts\/123271\/revisions"}],"wp:attachment":[{"href":"https:\/\/linitiative.ca\/International\/wp-json\/wp\/v2\/media?parent=123271"}],"wp:term":[{"taxonomy":"category","embeddable":true,"href":"https:\/\/linitiative.ca\/International\/wp-json\/wp\/v2\/categories?post=123271"},{"taxonomy":"post_tag","embeddable":true,"href":"https:\/\/linitiative.ca\/International\/wp-json\/wp\/v2\/tags?post=123271"}],"curies":[{"name":"wp","href":"https:\/\/api.w.org\/{rel}","templated":true}]}}