{"id":123273,"date":"2021-08-04T16:38:20","date_gmt":"2021-08-04T20:38:20","guid":{"rendered":"https:\/\/linitiative.ca\/International\/tunisie-choura-dennahdha-harouni-appele-a-demissionner\/"},"modified":"2021-08-04T16:38:20","modified_gmt":"2021-08-04T20:38:20","slug":"tunisie-choura-dennahdha-harouni-appele-a-demissionner","status":"publish","type":"post","link":"https:\/\/linitiative.ca\/International\/tunisie-choura-dennahdha-harouni-appele-a-demissionner\/","title":{"rendered":"Tunisie \u2013 Choura d\u2019Ennahdha\u00a0: Harouni appel\u00e9 \u00e0 d\u00e9missionner"},"content":{"rendered":"<div>\n<p>Selon les sources de Mosa\u00efque FM, la r\u00e9union de ce mercredi, du conseil de la Choura, a \u00e9t\u00e9 assez houleuse et plusieurs membres du conseil ont exig\u00e9 la d\u00e9mission du pr\u00e9sident du conseil, Abdelkarim Harouni, \u00e0 cause de graves manquements de communication et d\u2019erreurs politiques. Harouni a refus\u00e9 de pr\u00e9senter sa d\u00e9mission assurant qu\u2019il n\u2019a [\u2026]<\/p>\n<p>L\u2019article <a href=\"https:\/\/www.tunisienumerique.com\/tunisie-choura-dennahdha-harouni-appele-a-demissionner\/\">Tunisie \u2013 Choura d\u2019Ennahdha\u00a0: Harouni appel\u00e9 \u00e0 d\u00e9missionner<\/a> est apparu en premier sur <a href=\"https:\/\/www.tunisienumerique.com\/\">Tunisie<\/a>.<\/p>\n<\/div>\n<p>Auteur: LM<br \/>\n<a href=\"https:\/\/www.tunisienumerique.com\/tunisie-choura-dennahdha-harouni-appele-a-demissionner\/\">Cliquez ici pour lire l&rsquo;article depuis sa source.<\/a><\/p>\n","protected":false},"excerpt":{"rendered":"<p>Selon les sources de Mosa\u00efque FM, la r\u00e9union de ce mercredi, du conseil de la Choura, a \u00e9t\u00e9 assez houleuse et plusieurs membres du conseil ont exig\u00e9 la d\u00e9mission du pr\u00e9sident du conseil, Abdelkarim Harouni, \u00e0 cause de graves manquements de communication et d\u2019erreurs politiques. Harouni a refus\u00e9 de pr\u00e9senter sa d\u00e9mission assurant qu\u2019il n\u2019a [&hellip;]<\/p>\n","protected":false},"author":1789,"featured_media":0,"comment_status":"closed","ping_status":"closed","sticky":false,"template":"","format":"standard","meta":{"fifu_image_url":"","fifu_image_alt":"","footnotes":""},"categories":[73,55],"tags":[],"class_list":["post-123273","post","type-post","status-publish","format-standard","hentry","category-actualite","category-tunisie"],"_links":{"self":[{"href":"https:\/\/linitiative.ca\/International\/wp-json\/wp\/v2\/posts\/123273","targetHints":{"allow":["GET"]}}],"collection":[{"href":"https:\/\/linitiative.ca\/International\/wp-json\/wp\/v2\/posts"}],"about":[{"href":"https:\/\/linitiative.ca\/International\/wp-json\/wp\/v2\/types\/post"}],"author":[{"embeddable":true,"href":"https:\/\/linitiative.ca\/International\/wp-json\/wp\/v2\/users\/1789"}],"replies":[{"embeddable":true,"href":"https:\/\/linitiative.ca\/International\/wp-json\/wp\/v2\/comments?post=123273"}],"version-history":[{"count":0,"href":"https:\/\/linitiative.ca\/International\/wp-json\/wp\/v2\/posts\/123273\/revisions"}],"wp:attachment":[{"href":"https:\/\/linitiative.ca\/International\/wp-json\/wp\/v2\/media?parent=123273"}],"wp:term":[{"taxonomy":"category","embeddable":true,"href":"https:\/\/linitiative.ca\/International\/wp-json\/wp\/v2\/categories?post=123273"},{"taxonomy":"post_tag","embeddable":true,"href":"https:\/\/linitiative.ca\/International\/wp-json\/wp\/v2\/tags?post=123273"}],"curies":[{"name":"wp","href":"https:\/\/api.w.org\/{rel}","templated":true}]}}