{"id":123275,"date":"2021-08-04T16:54:42","date_gmt":"2021-08-04T20:54:42","guid":{"rendered":"https:\/\/linitiative.ca\/International\/ministere-de-lenseignement-superieur-ouverture-des-inscriptions-sur-les-plateformes-de-vaccination-anti-covid-19\/"},"modified":"2021-08-04T16:54:42","modified_gmt":"2021-08-04T20:54:42","slug":"ministere-de-lenseignement-superieur-ouverture-des-inscriptions-sur-les-plateformes-de-vaccination-anti-covid-19","status":"publish","type":"post","link":"https:\/\/linitiative.ca\/International\/ministere-de-lenseignement-superieur-ouverture-des-inscriptions-sur-les-plateformes-de-vaccination-anti-covid-19\/","title":{"rendered":"Minist\u00e8re de l\u2019Enseignement Sup\u00e9rieur : Ouverture des inscriptions sur les plateformes de vaccination anti COVID-19"},"content":{"rendered":"<div>\n<p>Selon le communiqu\u00e9 \u00e9mis par le Minist\u00e8re de l\u2019Enseignement Sup\u00e9rieur et de la Recherche Scientifique le 03 ao\u00fbt 2021, relatif \u00e0 l\u2019acc\u00e9l\u00e9ration du processus de vaccination contre le Coronavirus pour toutes les composantes de la famille universitaire, le Minist\u00e8re invite toutes les personnes concern\u00e9es \u00e0 s\u2019inscrire sur la plateforme sp\u00e9ciale via les liens suivants, sachant [\u2026]<\/p>\n<p>L\u2019article <a href=\"https:\/\/www.tunisienumerique.com\/ministere-de-lenseignement-superieur-ouverture-des-inscriptions-sur-les-plateformes-de-vaccination-anti-covid-19\/\">Minist\u00e8re de l\u2019Enseignement Sup\u00e9rieur : Ouverture des inscriptions sur les plateformes de vaccination anti COVID-19<\/a> est apparu en premier sur <a href=\"https:\/\/www.tunisienumerique.com\/\">Tunisie<\/a>.<\/p>\n<\/div>\n<p>Auteur: rania ben slimane<br \/>\n<a href=\"https:\/\/www.tunisienumerique.com\/ministere-de-lenseignement-superieur-ouverture-des-inscriptions-sur-les-plateformes-de-vaccination-anti-covid-19\/\">Cliquez ici pour lire l&rsquo;article depuis sa source.<\/a><\/p>\n","protected":false},"excerpt":{"rendered":"<p>Selon le communiqu\u00e9 \u00e9mis par le Minist\u00e8re de l\u2019Enseignement Sup\u00e9rieur et de la Recherche Scientifique le 03 ao\u00fbt 2021, relatif \u00e0 l\u2019acc\u00e9l\u00e9ration du processus de vaccination contre le Coronavirus pour toutes les composantes de la famille universitaire, le Minist\u00e8re invite toutes les personnes concern\u00e9es \u00e0 s\u2019inscrire sur la plateforme sp\u00e9ciale via les liens suivants, sachant [&hellip;]<\/p>\n","protected":false},"author":1789,"featured_media":0,"comment_status":"closed","ping_status":"closed","sticky":false,"template":"","format":"standard","meta":{"fifu_image_url":"","fifu_image_alt":"","footnotes":""},"categories":[73,55],"tags":[],"class_list":["post-123275","post","type-post","status-publish","format-standard","hentry","category-actualite","category-tunisie"],"_links":{"self":[{"href":"https:\/\/linitiative.ca\/International\/wp-json\/wp\/v2\/posts\/123275","targetHints":{"allow":["GET"]}}],"collection":[{"href":"https:\/\/linitiative.ca\/International\/wp-json\/wp\/v2\/posts"}],"about":[{"href":"https:\/\/linitiative.ca\/International\/wp-json\/wp\/v2\/types\/post"}],"author":[{"embeddable":true,"href":"https:\/\/linitiative.ca\/International\/wp-json\/wp\/v2\/users\/1789"}],"replies":[{"embeddable":true,"href":"https:\/\/linitiative.ca\/International\/wp-json\/wp\/v2\/comments?post=123275"}],"version-history":[{"count":0,"href":"https:\/\/linitiative.ca\/International\/wp-json\/wp\/v2\/posts\/123275\/revisions"}],"wp:attachment":[{"href":"https:\/\/linitiative.ca\/International\/wp-json\/wp\/v2\/media?parent=123275"}],"wp:term":[{"taxonomy":"category","embeddable":true,"href":"https:\/\/linitiative.ca\/International\/wp-json\/wp\/v2\/categories?post=123275"},{"taxonomy":"post_tag","embeddable":true,"href":"https:\/\/linitiative.ca\/International\/wp-json\/wp\/v2\/tags?post=123275"}],"curies":[{"name":"wp","href":"https:\/\/api.w.org\/{rel}","templated":true}]}}