{"id":123276,"date":"2021-08-04T16:58:37","date_gmt":"2021-08-04T20:58:37","guid":{"rendered":"https:\/\/linitiative.ca\/International\/tunisie-goumani-personne-na-cherche-a-ecarter-le-cheikh-ghannouchi\/"},"modified":"2021-08-04T16:58:37","modified_gmt":"2021-08-04T20:58:37","slug":"tunisie-goumani-personne-na-cherche-a-ecarter-le-cheikh-ghannouchi","status":"publish","type":"post","link":"https:\/\/linitiative.ca\/International\/tunisie-goumani-personne-na-cherche-a-ecarter-le-cheikh-ghannouchi\/","title":{"rendered":"Tunisie \u2013 Goumani\u00a0: Personne n\u2019a cherch\u00e9 \u00e0 \u00e9carter le Cheikh Ghannouchi"},"content":{"rendered":"<div>\n<p>Le d\u00e9put\u00e9 du bloc d\u2019Ennahdha, gel\u00e9, Mohamed Goumani, a assur\u00e9 que sa page facebook, que la r\u00e9union du conseil de la Choura a d\u00e9marr\u00e9, ce mercredi apr\u00e8s midi, et qu\u2019elle se d\u00e9roule de fa\u00e7on normale, d\u00e9mentant qu\u2019il y ait eu des appels \u00e0 la d\u00e9mission de Ghannouchi, et qu\u2019il n\u2019y a aucune raison pour qu\u2019il [\u2026]<\/p>\n<p>L\u2019article <a href=\"https:\/\/www.tunisienumerique.com\/tunisie-goumani-personne-na-cherche-a-ecarter-le-cheikh-ghannouchi\/\">Tunisie \u2013 Goumani\u00a0: Personne n\u2019a cherch\u00e9 \u00e0 \u00e9carter le Cheikh Ghannouchi<\/a> est apparu en premier sur <a href=\"https:\/\/www.tunisienumerique.com\/\">Tunisie<\/a>.<\/p>\n<\/div>\n<p>Auteur: LM<br \/>\n<a href=\"https:\/\/www.tunisienumerique.com\/tunisie-goumani-personne-na-cherche-a-ecarter-le-cheikh-ghannouchi\/\">Cliquez ici pour lire l&rsquo;article depuis sa source.<\/a><\/p>\n","protected":false},"excerpt":{"rendered":"<p>Le d\u00e9put\u00e9 du bloc d\u2019Ennahdha, gel\u00e9, Mohamed Goumani, a assur\u00e9 que sa page facebook, que la r\u00e9union du conseil de la Choura a d\u00e9marr\u00e9, ce mercredi apr\u00e8s midi, et qu\u2019elle se d\u00e9roule de fa\u00e7on normale, d\u00e9mentant qu\u2019il y ait eu des appels \u00e0 la d\u00e9mission de Ghannouchi, et qu\u2019il n\u2019y a aucune raison pour qu\u2019il [&hellip;]<\/p>\n","protected":false},"author":1789,"featured_media":0,"comment_status":"closed","ping_status":"closed","sticky":false,"template":"","format":"standard","meta":{"fifu_image_url":"","fifu_image_alt":"","footnotes":""},"categories":[73,55],"tags":[],"class_list":["post-123276","post","type-post","status-publish","format-standard","hentry","category-actualite","category-tunisie"],"_links":{"self":[{"href":"https:\/\/linitiative.ca\/International\/wp-json\/wp\/v2\/posts\/123276","targetHints":{"allow":["GET"]}}],"collection":[{"href":"https:\/\/linitiative.ca\/International\/wp-json\/wp\/v2\/posts"}],"about":[{"href":"https:\/\/linitiative.ca\/International\/wp-json\/wp\/v2\/types\/post"}],"author":[{"embeddable":true,"href":"https:\/\/linitiative.ca\/International\/wp-json\/wp\/v2\/users\/1789"}],"replies":[{"embeddable":true,"href":"https:\/\/linitiative.ca\/International\/wp-json\/wp\/v2\/comments?post=123276"}],"version-history":[{"count":0,"href":"https:\/\/linitiative.ca\/International\/wp-json\/wp\/v2\/posts\/123276\/revisions"}],"wp:attachment":[{"href":"https:\/\/linitiative.ca\/International\/wp-json\/wp\/v2\/media?parent=123276"}],"wp:term":[{"taxonomy":"category","embeddable":true,"href":"https:\/\/linitiative.ca\/International\/wp-json\/wp\/v2\/categories?post=123276"},{"taxonomy":"post_tag","embeddable":true,"href":"https:\/\/linitiative.ca\/International\/wp-json\/wp\/v2\/tags?post=123276"}],"curies":[{"name":"wp","href":"https:\/\/api.w.org\/{rel}","templated":true}]}}