{"id":123277,"date":"2021-08-04T17:10:56","date_gmt":"2021-08-04T21:10:56","guid":{"rendered":"https:\/\/linitiative.ca\/International\/kef-coronavirus-bilan-epidemiologique\/"},"modified":"2021-08-04T17:10:56","modified_gmt":"2021-08-04T21:10:56","slug":"kef-coronavirus-bilan-epidemiologique","status":"publish","type":"post","link":"https:\/\/linitiative.ca\/International\/kef-coronavirus-bilan-epidemiologique\/","title":{"rendered":"Kef-Coronavirus : Bilan \u00e9pidemiologique"},"content":{"rendered":"<div>\n<p>La Direction R\u00e9gionale de la Sant\u00e9 du Kef a fait part aujourd\u2019hui de l\u2019enregistrement au cours de ces 24 heures, de 102 nouvelles infections au coronavirus sur 240 \u00e9chantillons pr\u00e9lev\u00e9s le 02 ao\u00fbt 2021, portant le nombre total de contaminations depuis le d\u00e9but de l\u2019\u00e9pid\u00e9mie \u00e0 15 995 cas. Elle a ajout\u00e9 avoir recens\u00e9 02 [\u2026]<\/p>\n<p>L\u2019article <a href=\"https:\/\/www.tunisienumerique.com\/kef-coronavirus-bilan-epidemiologique\/\">Kef-Coronavirus : Bilan \u00e9pidemiologique<\/a> est apparu en premier sur <a href=\"https:\/\/www.tunisienumerique.com\/\">Tunisie<\/a>.<\/p>\n<\/div>\n<p>Auteur: rania ben slimane<br \/>\n<a href=\"https:\/\/www.tunisienumerique.com\/kef-coronavirus-bilan-epidemiologique\/\">Cliquez ici pour lire l&rsquo;article depuis sa source.<\/a><\/p>\n","protected":false},"excerpt":{"rendered":"<p>La Direction R\u00e9gionale de la Sant\u00e9 du Kef a fait part aujourd\u2019hui de l\u2019enregistrement au cours de ces 24 heures, de 102 nouvelles infections au coronavirus sur 240 \u00e9chantillons pr\u00e9lev\u00e9s le 02 ao\u00fbt 2021, portant le nombre total de contaminations depuis le d\u00e9but de l\u2019\u00e9pid\u00e9mie \u00e0 15 995 cas. Elle a ajout\u00e9 avoir recens\u00e9 02 [&hellip;]<\/p>\n","protected":false},"author":1789,"featured_media":0,"comment_status":"closed","ping_status":"closed","sticky":false,"template":"","format":"standard","meta":{"fifu_image_url":"","fifu_image_alt":"","footnotes":""},"categories":[73,55],"tags":[],"class_list":["post-123277","post","type-post","status-publish","format-standard","hentry","category-actualite","category-tunisie"],"_links":{"self":[{"href":"https:\/\/linitiative.ca\/International\/wp-json\/wp\/v2\/posts\/123277","targetHints":{"allow":["GET"]}}],"collection":[{"href":"https:\/\/linitiative.ca\/International\/wp-json\/wp\/v2\/posts"}],"about":[{"href":"https:\/\/linitiative.ca\/International\/wp-json\/wp\/v2\/types\/post"}],"author":[{"embeddable":true,"href":"https:\/\/linitiative.ca\/International\/wp-json\/wp\/v2\/users\/1789"}],"replies":[{"embeddable":true,"href":"https:\/\/linitiative.ca\/International\/wp-json\/wp\/v2\/comments?post=123277"}],"version-history":[{"count":0,"href":"https:\/\/linitiative.ca\/International\/wp-json\/wp\/v2\/posts\/123277\/revisions"}],"wp:attachment":[{"href":"https:\/\/linitiative.ca\/International\/wp-json\/wp\/v2\/media?parent=123277"}],"wp:term":[{"taxonomy":"category","embeddable":true,"href":"https:\/\/linitiative.ca\/International\/wp-json\/wp\/v2\/categories?post=123277"},{"taxonomy":"post_tag","embeddable":true,"href":"https:\/\/linitiative.ca\/International\/wp-json\/wp\/v2\/tags?post=123277"}],"curies":[{"name":"wp","href":"https:\/\/api.w.org\/{rel}","templated":true}]}}