{"id":123278,"date":"2021-08-04T10:55:38","date_gmt":"2021-08-04T14:55:38","guid":{"rendered":"https:\/\/linitiative.ca\/International\/jo-tokyo-2020-heptathlon-marthe-koala-abandonne\/"},"modified":"2021-08-04T10:55:38","modified_gmt":"2021-08-04T14:55:38","slug":"jo-tokyo-2020-heptathlon-marthe-koala-abandonne","status":"publish","type":"post","link":"https:\/\/linitiative.ca\/International\/jo-tokyo-2020-heptathlon-marthe-koala-abandonne\/","title":{"rendered":"JO TOKYO 2020 \/Heptathlon : \u00a0Marthe Koala abandonne\u00a0"},"content":{"rendered":"<div>\n<p>La Burkinab\u00e8 Marthe Koala a abandonn\u00e9 ce mercredi 4 aout 2021 apr\u00e8s l\u2019\u00e9preuve de la lanc\u00e9e de poids lors des jeux olympiques de Tokyo. Pendant l\u2019\u00e9preuve de la lanc\u00e9e de poids elle a \u00e9t\u00e9 bless\u00e9e aux adducteurs, elle n\u2019a pas pris part aux 200m. En rappel, elle occupait la 11e place de sa s\u00e9rie au lancer du poids et la 20e au g\u00e9n\u00e9ral en heptathlon.<\/p>\n<p>L\u2019article <a rel=\"nofollow\" href=\"https:\/\/www.sidwaya.info\/blog\/2021\/08\/04\/jo-tokyo-2020-heptathlon-marthe-koala-abandonne\/\">JO TOKYO 2020 \/Heptathlon : \u00a0Marthe Koala abandonne\u00a0<\/a> est apparu en premier sur <a rel=\"nofollow\" href=\"https:\/\/www.sidwaya.info\/\">Quotidien Sidwaya<\/a>.<\/p>\n<\/div>\n<p>Auteur: Wamini SIDWAYA<br \/>\n<a href=\"https:\/\/www.sidwaya.info\/blog\/2021\/08\/04\/jo-tokyo-2020-heptathlon-marthe-koala-abandonne\/\">Cliquez ici pour lire l&rsquo;article depuis sa source.<\/a><\/p>\n","protected":false},"excerpt":{"rendered":"<p>La Burkinab\u00e8 Marthe Koala a abandonn\u00e9 ce mercredi 4 aout 2021 apr\u00e8s l\u2019\u00e9preuve de la lanc\u00e9e de poids lors des jeux olympiques de Tokyo. Pendant l\u2019\u00e9preuve de la lanc\u00e9e de poids elle a \u00e9t\u00e9 bless\u00e9e aux adducteurs, elle n\u2019a pas pris part aux 200m. En rappel, elle occupait la 11e place de sa s\u00e9rie au [&hellip;]<\/p>\n","protected":false},"author":1816,"featured_media":0,"comment_status":"closed","ping_status":"closed","sticky":false,"template":"","format":"standard","meta":{"fifu_image_url":"","fifu_image_alt":"","footnotes":""},"categories":[73,81],"tags":[],"class_list":["post-123278","post","type-post","status-publish","format-standard","hentry","category-actualite","category-burkina-faso"],"_links":{"self":[{"href":"https:\/\/linitiative.ca\/International\/wp-json\/wp\/v2\/posts\/123278","targetHints":{"allow":["GET"]}}],"collection":[{"href":"https:\/\/linitiative.ca\/International\/wp-json\/wp\/v2\/posts"}],"about":[{"href":"https:\/\/linitiative.ca\/International\/wp-json\/wp\/v2\/types\/post"}],"author":[{"embeddable":true,"href":"https:\/\/linitiative.ca\/International\/wp-json\/wp\/v2\/users\/1816"}],"replies":[{"embeddable":true,"href":"https:\/\/linitiative.ca\/International\/wp-json\/wp\/v2\/comments?post=123278"}],"version-history":[{"count":0,"href":"https:\/\/linitiative.ca\/International\/wp-json\/wp\/v2\/posts\/123278\/revisions"}],"wp:attachment":[{"href":"https:\/\/linitiative.ca\/International\/wp-json\/wp\/v2\/media?parent=123278"}],"wp:term":[{"taxonomy":"category","embeddable":true,"href":"https:\/\/linitiative.ca\/International\/wp-json\/wp\/v2\/categories?post=123278"},{"taxonomy":"post_tag","embeddable":true,"href":"https:\/\/linitiative.ca\/International\/wp-json\/wp\/v2\/tags?post=123278"}],"curies":[{"name":"wp","href":"https:\/\/api.w.org\/{rel}","templated":true}]}}