{"id":123280,"date":"2021-08-04T12:39:52","date_gmt":"2021-08-04T16:39:52","guid":{"rendered":"https:\/\/linitiative.ca\/International\/art-culinaire-former-les-enfants-pour-promouvoir-les-mets-locaux\/"},"modified":"2021-08-04T12:39:52","modified_gmt":"2021-08-04T16:39:52","slug":"art-culinaire-former-les-enfants-pour-promouvoir-les-mets-locaux","status":"publish","type":"post","link":"https:\/\/linitiative.ca\/International\/art-culinaire-former-les-enfants-pour-promouvoir-les-mets-locaux\/","title":{"rendered":"Art culinaire\u00a0: Former les enfants pour promouvoir les mets locaux"},"content":{"rendered":"<div>\n<p><strong>La deuxi\u00e8me \u00e9dition du projet <em>\u2018\u2019Initions les enfants aux arts\u2019\u2019<\/em> a permis de former cette ann\u00e9e 60 enfants en arts culinaire et plastique. <\/strong><\/p>\n<p><em>\u00a0\u00ab\u00a0Le Babenda, la sauce gaine, le benga au couscous, la sauce arachide \u00bb,<\/em> ces recettes culinaires ont \u00e9t\u00e9 enseign\u00e9es \u00e0 60 enfants (50 filles et 10 gar\u00e7ons), gr\u00e2ce au\u00a0 projet <em>\u00ab\u00a0Initions les enfants aux arts\u00a0\u00bb.<\/em> Apr\u00e8s une dizaine de jours d\u2019apprentissage, du 15 au 24 juillet, les participants ont re\u00e7u, lors d\u2019une c\u00e9r\u00e9monie le\u00a0 dimanche 25 juillet \u00e0 Ouagadougou, des attestations de fin de formation.<\/p>\n<p>Pour la promotrice de l\u2019\u00e9v\u00e8nement, B\u00e9atrice Guiguemd\u00e9, il \u00e9tait n\u00e9cessaire de former ces enfants \u00a0en art culinaire afin de contribuer \u00e0 la\u00a0 promotion des mets locaux et africains. Cette session, a-t-elle poursuivi, a \u00a0permis de d\u00e9couvrir de \u2018<em>\u2019futurs cordons bleus\u00a0\u2018\u2019<\/em>.<\/p>\n<p>A l\u2019image d\u2019Elvine Pacodi, une participante, qui a eu du plaisir \u00e0 \u00a0maitriser la sauce graine (huile de palme).En plus de la gastronomie, les apprenants ont aussi re\u00e7u des modules en arts plastiques et en mode.<\/p>\n<p>Au regard du potentiel artistique des gamins, l\u2019initiatrice du projet a exhort\u00e9 les parents \u00e0 encourager la formation de leurs enfants. Avec le soutien de la slameuse Malika, marraine de la c\u00e9r\u00e9monie.<\/p>\n<p><strong>AK<\/strong><\/p>\n<p>L\u2019article <a rel=\"nofollow\" href=\"https:\/\/www.sidwaya.info\/blog\/2021\/08\/04\/art-culinaire-former-les-enfants-pour-promouvoir-les-mets-locaux\/\">Art culinaire\u00a0: Former les enfants pour promouvoir les mets locaux<\/a> est apparu en premier sur <a rel=\"nofollow\" href=\"https:\/\/www.sidwaya.info\/\">Quotidien Sidwaya<\/a>.<\/p>\n<\/div>\n<p>Auteur: Wamini SIDWAYA<br \/>\n<a href=\"https:\/\/www.sidwaya.info\/blog\/2021\/08\/04\/art-culinaire-former-les-enfants-pour-promouvoir-les-mets-locaux\/\">Cliquez ici pour lire l&rsquo;article depuis sa source.<\/a><\/p>\n","protected":false},"excerpt":{"rendered":"<p>La deuxi\u00e8me \u00e9dition du projet \u2018\u2019Initions les enfants aux arts\u2019\u2019 a permis de former cette ann\u00e9e 60 enfants en arts culinaire et plastique. \u00a0\u00ab\u00a0Le Babenda, la sauce gaine, le benga au couscous, la sauce arachide \u00bb, ces recettes culinaires ont \u00e9t\u00e9 enseign\u00e9es \u00e0 60 enfants (50 filles et 10 gar\u00e7ons), gr\u00e2ce au\u00a0 projet \u00ab\u00a0Initions les [&hellip;]<\/p>\n","protected":false},"author":1816,"featured_media":0,"comment_status":"closed","ping_status":"closed","sticky":false,"template":"","format":"standard","meta":{"fifu_image_url":"","fifu_image_alt":"","footnotes":""},"categories":[73,81],"tags":[],"class_list":["post-123280","post","type-post","status-publish","format-standard","hentry","category-actualite","category-burkina-faso"],"_links":{"self":[{"href":"https:\/\/linitiative.ca\/International\/wp-json\/wp\/v2\/posts\/123280","targetHints":{"allow":["GET"]}}],"collection":[{"href":"https:\/\/linitiative.ca\/International\/wp-json\/wp\/v2\/posts"}],"about":[{"href":"https:\/\/linitiative.ca\/International\/wp-json\/wp\/v2\/types\/post"}],"author":[{"embeddable":true,"href":"https:\/\/linitiative.ca\/International\/wp-json\/wp\/v2\/users\/1816"}],"replies":[{"embeddable":true,"href":"https:\/\/linitiative.ca\/International\/wp-json\/wp\/v2\/comments?post=123280"}],"version-history":[{"count":0,"href":"https:\/\/linitiative.ca\/International\/wp-json\/wp\/v2\/posts\/123280\/revisions"}],"wp:attachment":[{"href":"https:\/\/linitiative.ca\/International\/wp-json\/wp\/v2\/media?parent=123280"}],"wp:term":[{"taxonomy":"category","embeddable":true,"href":"https:\/\/linitiative.ca\/International\/wp-json\/wp\/v2\/categories?post=123280"},{"taxonomy":"post_tag","embeddable":true,"href":"https:\/\/linitiative.ca\/International\/wp-json\/wp\/v2\/tags?post=123280"}],"curies":[{"name":"wp","href":"https:\/\/api.w.org\/{rel}","templated":true}]}}