{"id":123281,"date":"2021-08-04T13:54:50","date_gmt":"2021-08-04T17:54:50","guid":{"rendered":"https:\/\/linitiative.ca\/International\/journee-de-lexcellence-credo-celebrer-les-meilleurs-eleves\/"},"modified":"2021-08-04T13:54:50","modified_gmt":"2021-08-04T17:54:50","slug":"journee-de-lexcellence-credo-celebrer-les-meilleurs-eleves","status":"publish","type":"post","link":"https:\/\/linitiative.ca\/International\/journee-de-lexcellence-credo-celebrer-les-meilleurs-eleves\/","title":{"rendered":"Journ\u00e9e\u00a0 de l\u2019excellence CREDO\u00a0: C\u00e9l\u00e9brer \u00a0les meilleurs \u00e9l\u00e8ves"},"content":{"rendered":"<div>\n<p><strong>L\u2019organisation non gouvernementale Christian relief and development organisation (CREDO) a organis\u00e9 la premi\u00e8re \u00e9dition de la journ\u00e9e de\u00a0 l\u2019excellence de ses 14 \u00e9coles partenaires. \u00c0 l\u2019occasion, les meilleurs \u00e9l\u00e8ves et les meilleures \u00e9coles partenaires ont \u00e9t\u00e9 r\u00e9compens\u00e9s suivi du lancement de la campagne de mobilisation des ressources endog\u00e8nes pour la rentr\u00e9e prochaine.<\/strong><\/p>\n<p>Cinq laur\u00e9ats pour le cours pr\u00e9paratoire (CP1- CP2), cinq pour le cours\u00a0 \u00e9l\u00e9mentaire (CE1-CE2) et cinq pour le cours moyen (CM1- CM2) ont recu des prix. La r\u00e9compense est compos\u00e9e d\u2019un kit scolaire, une lampe solaire, une gourde, une tenue de sport et un plant comme signe d\u2019\u00e9ducation \u00e0 l\u2019\u00e9co-citoyennet\u00e9 et plus une bicyclette pour les niveaux CM.\u00a0 Lors de la c\u00e9r\u00e9monie de remise des lots, le vendredi 30 juillet 2021\u00a0 \u00e0 Ouagadougou, la repr\u00e9sentante de la directrice r\u00e9gionale de l\u2019\u00e9ducation pr\u00e9scolaire, primaire et non formelle du Centre, Val\u00e9rie Zoungrana \/Ou\u00e9draogo s\u2019est r\u00e9jouie de cette initiative louable.<\/p>\n<p>Selon elle, magnifier l\u2019excellence est synonyme de garantie de bons r\u00e9sultats. <em>\u00ab\u00a0Ces enfants\u00a0 et ces \u00e9coles laur\u00e9ats vont encore redoubler d\u2019efforts pour engranger des performances\u00bb, <\/em>a-t-elle affirm\u00e9. Elle \u00a0a reconnu que le soutien du Christian relief and development organisation (CREDO)\u00a0 aux enfants en situation de vuln\u00e9rabilit\u00e9, vieux\u00a0 de 28 ans, m\u00e9rite une mention sp\u00e9ciale. Le repr\u00e9sentant des laur\u00e9ats,\u00a0 Allaye Sond\u00e9, a, au nom de ses camarades b\u00e9n\u00e9ficiaires, exprim\u00e9 sa satisfaction. Il a cit\u00e9 les diff\u00e9rents soutiens dont ils\u00a0 b\u00e9n\u00e9ficient chaque ann\u00e9e.<\/p>\n<p>Il s\u2019agit du paiement de la scolarit\u00e9, la prise en charge de la tenue et de la cantine, la prise en charge\u00a0 des soins m\u00e9dicaux. Le jeune Allaye a \u00e9galement \u00e9voqu\u00e9 des cours d\u2019appui \u00e0 leur intention afin de cultiver l\u2019esprit d\u2019excellence. Avec l\u2019appui de plusieurs partenaires notamment Word et Daad (W&amp;D).<\/p>\n<p>Remerciant les promoteurs d\u2019\u00e9cole, le minist\u00e8re en charge de l\u2019Education nationale et les partenaires financiers (W&amp;D), le secr\u00e9taire g\u00e9n\u00e9ral du CREDO, Josias Sanogo, a d\u00e9clar\u00e9 que l\u2019organisation de cette journ\u00e9e s\u2019inscrit dans la dynamique d\u2019am\u00e9liorer \u00a0la qualit\u00e9 de l\u2019\u00e9ducation dispens\u00e9e dans ces 14 \u00e9coles. La premi\u00e8re \u00e9dition intervient, a-t-il indiqu\u00e9, dans un contexte s\u00e9curitaire qui met \u00e0 rude \u00e9preuve les efforts consentis par le gouvernement par rapport \u00e0 l\u2019offre d\u2019un syst\u00e8me \u00e9ducatif performant.<\/p>\n<p><strong>\u00a0<\/strong><strong>Un besoin de \u00a0150 millions pour les enfants vuln\u00e9rables<\/strong><\/p>\n<p><strong>\u00a0<\/strong>Par ailleurs, le lancement de la compagne de mobilisation de ressources endog\u00e8nes pour la\u00a0 rentr\u00e9e scolaire 2021-2022 s\u2019est invit\u00e9 \u00e0 la c\u00e9r\u00e9monie. Plac\u00e9e sous le signe de la r\u00e9silience et de la solidarit\u00e9 envers tous les enfants en situation de vuln\u00e9rabilit\u00e9 au Burkina Faso, le CREDO a exprim\u00e9 un besoin\u00a0 de 150 millions FCFA.<\/p>\n<figure id=\"attachment_38186\" aria-describedby=\"caption-attachment-38186\" style=\"width: 683px\" class=\"wp-caption alignnone\"><img decoding=\"async\" loading=\"lazy\" class=\"wp-image-38186 size-large\" src=\"https:\/\/linitiative.ca\/International\/wp-content\/uploads\/sites\/23\/2021\/08\/PH-CREDO-683x1024-1.jpg\" alt=\"\" width=\"683\" height=\"1024\" srcset=\"https:\/\/linitiative.ca\/International\/wp-content\/uploads\/sites\/23\/2021\/08\/PH-CREDO-683x1024-1.jpg 683w, https:\/\/www.sidwaya.info\/wp-content\/uploads\/2021\/08\/PH-CREDO-200x300.jpg 200w, https:\/\/www.sidwaya.info\/wp-content\/uploads\/2021\/08\/PH-CREDO-768x1152.jpg 768w, https:\/\/www.sidwaya.info\/wp-content\/uploads\/2021\/08\/PH-CREDO-150x225.jpg 150w, https:\/\/www.sidwaya.info\/wp-content\/uploads\/2021\/08\/PH-CREDO-300x450.jpg 300w, https:\/\/www.sidwaya.info\/wp-content\/uploads\/2021\/08\/PH-CREDO-696x1044.jpg 696w, https:\/\/www.sidwaya.info\/wp-content\/uploads\/2021\/08\/PH-CREDO-280x420.jpg 280w, https:\/\/www.sidwaya.info\/wp-content\/uploads\/2021\/08\/PH-CREDO.jpg 900w\" sizes=\"auto, (max-width: 683px) 100vw, 683px\"><figcaption id=\"caption-attachment-38186\" class=\"wp-caption-text\">De l\u2019avis du secr\u00e9taire g\u00e9n\u00e9ral de CREDO, Josias Sanogo, l\u2019ann\u00e9e derni\u00e8re, le fonds de mobilisation de plus 71 millions FCFA a permis de scolariser 664 enfants (425 au primaire et 269 au secondaire).<\/figcaption><\/figure>\n<p>Et M.Sanogo de dire que l\u2019ONG s\u2019est engag\u00e9e \u00e0 relever le d\u00e9fi de la responsabilisation des acteurs locaux en faveur des enfants d\u00e9favoris\u00e9s. Initi\u00e9 depuis 2016, le projet <em>\u00ab\u00a0Parrainage endog\u00e8ne\u00a0\u00bb<\/em> \u00a0a pour objectif d\u2019assurer la scolarisation d\u2019au moins 2000 enfants vuln\u00e9rables chaque ann\u00e9e. Cela se fait, a-t-il expliqu\u00e9, \u00e0 travers la contribution volontaire des Burkinab\u00e8,\u00a0 des entreprises, des\u00a0 institutions du Burkina Faso et de la diaspora.\u00a0 Selon M. Sanogo, le but est d\u2019amener chaque Burkinab\u00e8 \u00e0 devenir <em>\u00ab\u00a0parrain\u00a0\u00bb<\/em>\u00a0 ou <em>\u00ab\u00a0marraine\u00a0\u00bb<\/em> d\u2019enfants dans un cadre formalis\u00e9 et reconnu.<\/p>\n<p>Le co\u00fbt annuel de parrainage d\u2019un enfant \u00a0s\u2019\u00e9l\u00e8ve \u00e0 120 000 FCFA. <em>\u00ab\u00a0Nous croyons aussi qu\u2019investir dans un enfant, est un acte utile pour constituer la rel\u00e8ve de demain\u00a0\u00bb,<\/em> a-t-il dit. L\u2019organisation chr\u00e9tienne a \u00e0 son actif\u00a0 l\u2019aide apport\u00e9e aux enfants d\u00e9plac\u00e9s internes de Pazani (une somme de 1 500 000 FCFA \u00a0pour les frais de scolarit\u00e9 de 47 enfants et des vivres en faveur de 492 personnes). En six ans, CREDO a mobilis\u00e9 plus 500 millions F CFA qui ont contribu\u00e9 \u00e0 soutenir pr\u00e8s de 4000 orphelins.<\/p>\n<p style=\"text-align: right\"><strong>Alassane KERE<\/strong><\/p>\n<p>L\u2019article <a rel=\"nofollow\" href=\"https:\/\/www.sidwaya.info\/blog\/2021\/08\/04\/journee-de-lexcellence-credo-celebrer-les-meilleurs-eleves\/\">Journ\u00e9e\u00a0 de l\u2019excellence CREDO\u00a0: C\u00e9l\u00e9brer \u00a0les meilleurs \u00e9l\u00e8ves<\/a> est apparu en premier sur <a rel=\"nofollow\" href=\"https:\/\/www.sidwaya.info\/\">Quotidien Sidwaya<\/a>.<\/p>\n<\/div>\n<p>Auteur: Wamini SIDWAYA<br \/>\n<a href=\"https:\/\/www.sidwaya.info\/blog\/2021\/08\/04\/journee-de-lexcellence-credo-celebrer-les-meilleurs-eleves\/\">Cliquez ici pour lire l&rsquo;article depuis sa source.<\/a><\/p>\n","protected":false},"excerpt":{"rendered":"<p>L\u2019organisation non gouvernementale Christian relief and development organisation (CREDO) a organis\u00e9 la premi\u00e8re \u00e9dition de la journ\u00e9e de\u00a0 l\u2019excellence de ses 14 \u00e9coles partenaires. \u00c0 l\u2019occasion, les meilleurs \u00e9l\u00e8ves et les meilleures \u00e9coles partenaires ont \u00e9t\u00e9 r\u00e9compens\u00e9s suivi du lancement de la campagne de mobilisation des ressources endog\u00e8nes pour la rentr\u00e9e prochaine. Cinq laur\u00e9ats pour [&hellip;]<\/p>\n","protected":false},"author":1816,"featured_media":0,"comment_status":"closed","ping_status":"closed","sticky":false,"template":"","format":"standard","meta":{"fifu_image_url":"https:\/\/www.sidwaya.info\/wp-content\/uploads\/2021\/08\/PH-CREDO-683x1024.jpg","fifu_image_alt":"Journ\u00e9e\u00a0 de l\u2019excellence CREDO\u00a0: C\u00e9l\u00e9brer \u00a0les meilleurs \u00e9l\u00e8ves","footnotes":""},"categories":[73,81],"tags":[],"class_list":["post-123281","post","type-post","status-publish","format-standard","hentry","category-actualite","category-burkina-faso"],"_links":{"self":[{"href":"https:\/\/linitiative.ca\/International\/wp-json\/wp\/v2\/posts\/123281","targetHints":{"allow":["GET"]}}],"collection":[{"href":"https:\/\/linitiative.ca\/International\/wp-json\/wp\/v2\/posts"}],"about":[{"href":"https:\/\/linitiative.ca\/International\/wp-json\/wp\/v2\/types\/post"}],"author":[{"embeddable":true,"href":"https:\/\/linitiative.ca\/International\/wp-json\/wp\/v2\/users\/1816"}],"replies":[{"embeddable":true,"href":"https:\/\/linitiative.ca\/International\/wp-json\/wp\/v2\/comments?post=123281"}],"version-history":[{"count":0,"href":"https:\/\/linitiative.ca\/International\/wp-json\/wp\/v2\/posts\/123281\/revisions"}],"wp:attachment":[{"href":"https:\/\/linitiative.ca\/International\/wp-json\/wp\/v2\/media?parent=123281"}],"wp:term":[{"taxonomy":"category","embeddable":true,"href":"https:\/\/linitiative.ca\/International\/wp-json\/wp\/v2\/categories?post=123281"},{"taxonomy":"post_tag","embeddable":true,"href":"https:\/\/linitiative.ca\/International\/wp-json\/wp\/v2\/tags?post=123281"}],"curies":[{"name":"wp","href":"https:\/\/api.w.org\/{rel}","templated":true}]}}