{"id":123283,"date":"2021-08-04T14:12:36","date_gmt":"2021-08-04T18:12:36","guid":{"rendered":"https:\/\/linitiative.ca\/International\/burkina-faso-long-sante-diabete-lance-son-programme-triennal-2021-2023\/"},"modified":"2021-08-04T14:12:36","modified_gmt":"2021-08-04T18:12:36","slug":"burkina-faso-long-sante-diabete-lance-son-programme-triennal-2021-2023","status":"publish","type":"post","link":"https:\/\/linitiative.ca\/International\/burkina-faso-long-sante-diabete-lance-son-programme-triennal-2021-2023\/","title":{"rendered":"Burkina Faso : L\u2019ONG sant\u00e9 diab\u00e8te lance son programme triennal 2021-2023"},"content":{"rendered":"<div>\n<p><strong>L\u2019ONG sant\u00e9 diab\u00e8te en collaboration avec le minist\u00e8re de la Sant\u00e9 a lanc\u00e9 le vendredi 30 juillet 2021 \u00e0 Ouagadougou, le programme triennal 2021-2023 de lutte contre le diab\u00e8te au Burkina Faso.<\/strong><\/p>\n<p>Le diab\u00e8te constitue un probl\u00e8me de sant\u00e9 publique au regard de sa progression croissante. Au Burkina Faso, la pr\u00e9valence se situe autour de 4,9%. L\u2019Organisation non gouvernementale (ONG) Sant\u00e9 Diab\u00e8te a lanc\u00e9 le vendredi son programme triennal 2021-2023 de lutte contre le diab\u00e8te.<\/p>\n<p>Le programme triennal est compos\u00e9 de deux projets \u00e0 savoir\u00a0: un premier qui consiste \u00e0 Consolider la place et le r\u00f4le de la soci\u00e9t\u00e9 civile dans un r\u00e9seau multi-acteurs afin d\u2019am\u00e9liorer la pr\u00e9vention et la prise en charge du diab\u00e8te mais aussi l\u2019accompagnement des personnes atteintes par la maladie au Burkina Faso, au Mali et en Union des Comores (Projet R\u00e9seauDiab). Le deuxi\u00e8me projet\u00a0 \u00a0va \u00e9galement renforcer les syst\u00e8mes de sant\u00e9 du Mali, du Burkina Faso et de l\u2019Union des Comores en poursuivant l\u2019int\u00e9gration de la pr\u00e9vention et la prise en charge conjointe Diab\u00e8te\/Tuberculose et Diab\u00e8te\/VIH.<\/p>\n<figure id=\"attachment_38191\" aria-describedby=\"caption-attachment-38191\" style=\"width: 900px\" class=\"wp-caption alignnone\"><img decoding=\"async\" loading=\"lazy\" class=\"wp-image-38191 size-full\" src=\"https:\/\/linitiative.ca\/International\/wp-content\/uploads\/sites\/23\/2021\/08\/PR-DRABO.jpeg\" alt=\"\" width=\"900\" height=\"675\" srcset=\"https:\/\/linitiative.ca\/International\/wp-content\/uploads\/sites\/23\/2021\/08\/PR-DRABO.jpeg 900w, https:\/\/www.sidwaya.info\/wp-content\/uploads\/2021\/08\/PR-DRABO-300x225.jpeg 300w, https:\/\/www.sidwaya.info\/wp-content\/uploads\/2021\/08\/PR-DRABO-768x576.jpeg 768w, https:\/\/www.sidwaya.info\/wp-content\/uploads\/2021\/08\/PR-DRABO-150x113.jpeg 150w, https:\/\/www.sidwaya.info\/wp-content\/uploads\/2021\/08\/PR-DRABO-696x522.jpeg 696w, https:\/\/www.sidwaya.info\/wp-content\/uploads\/2021\/08\/PR-DRABO-560x420.jpeg 560w, https:\/\/www.sidwaya.info\/wp-content\/uploads\/2021\/08\/PR-DRABO-80x60.jpeg 80w, https:\/\/www.sidwaya.info\/wp-content\/uploads\/2021\/08\/PR-DRABO-265x198.jpeg 265w\" sizes=\"auto, (max-width: 900px) 100vw, 900px\"><figcaption id=\"caption-attachment-38191\" class=\"wp-caption-text\">Le coordonnateur m\u00e9dical et scientifique, Pr Joseph Drabo : \u00ab C\u2019est toujours possible d\u2019avoir une qualit\u00e9 de vie avec la prise en charge du diab\u00e8te \u00bb<\/figcaption><\/figure>\n<p>Selon le Coordonnateur m\u00e9dicale et scientifique, Pr Joseph Drabo, le premier programme, va permettre de mener \u00e0 bien des actions transversales de capitalisation, de sensibilisation, de communication externe et de plaidoyer, issues des m\u00e9thodologies d\u00e9velopp\u00e9es des r\u00e9sultats obtenus dans les trois pays. Quant au deuxi\u00e8me projet, il a affirm\u00e9 que celui-ci va permettre de d\u00e9velopper des actions de pr\u00e9vention sp\u00e9cifique aupr\u00e8s des patients diab\u00e9tiques ou vivant avec le VIH pour pr\u00e9venir l\u2019apparition d\u2019une co-pathologie en collaboration avec les OSC, le Programme national Tuberculose et le Programme sectoriel sant\u00e9 de Lutte contre les IST\/Sida (PSLSS).<\/p>\n<p><em>\u00ab\u00a0Ces actions seront organis\u00e9es autour d\u2019acteurs majeurs de la lutte contre ces trois) pand\u00e9mies dans les trois pays et seront principalement financ\u00e9es par l\u2019Initiative\/Expertise France\u00a0\u00bb<\/em>, a-t-il pr\u00e9cis\u00e9.<\/p>\n<p><img decoding=\"async\" loading=\"lazy\" class=\"alignnone wp-image-38192 size-full\" src=\"https:\/\/linitiative.ca\/International\/wp-content\/uploads\/sites\/23\/2021\/08\/SEYDOU-ZAGRE.jpeg\" alt=\"\" width=\"744\" height=\"992\" srcset=\"https:\/\/linitiative.ca\/International\/wp-content\/uploads\/sites\/23\/2021\/08\/SEYDOU-ZAGRE.jpeg 744w, https:\/\/www.sidwaya.info\/wp-content\/uploads\/2021\/08\/SEYDOU-ZAGRE-225x300.jpeg 225w, https:\/\/www.sidwaya.info\/wp-content\/uploads\/2021\/08\/SEYDOU-ZAGRE-150x200.jpeg 150w, https:\/\/www.sidwaya.info\/wp-content\/uploads\/2021\/08\/SEYDOU-ZAGRE-300x400.jpeg 300w, https:\/\/www.sidwaya.info\/wp-content\/uploads\/2021\/08\/SEYDOU-ZAGRE-696x928.jpeg 696w, https:\/\/www.sidwaya.info\/wp-content\/uploads\/2021\/08\/SEYDOU-ZAGRE-315x420.jpeg 315w\" sizes=\"auto, (max-width: 744px) 100vw, 744px\"><\/p>\n<p>Le parrain de la c\u00e9r\u00e9monie, par ailleurs directeur de cabinet de la pr\u00e9sidence du Faso, Seydou Zagr\u00e9, a salu\u00e9 l\u2019engagement de l\u2019ONG Sant\u00e9 diab\u00e8te qui est un v\u00e9ritable soutien pour les structures de la sant\u00e9 au Burkina Faso dans la lutte contre cette maladie de sant\u00e9 publique.<\/p>\n<p>Pour le repr\u00e9sentant du ministre de la sant\u00e9, Narcisse Nar\u00e9, le diab\u00e8te constitue un probl\u00e8me de sant\u00e9 publique. Il a soulign\u00e9 qu\u2019au Burkina Faso, la pr\u00e9valence du diab\u00e8te est de 4,9 % alors que les cons\u00e9quences qui s\u2019y lient, en l\u2019occurrence celles des malades non transmissibles sont d\u2019ordre \u00e9conomique sanitaires et psychosociales.<\/p>\n<p>\u00ab\u00a0<em>Je tiens \u00e0 vous dire que mon d\u00e9partement accorde un int\u00e9r\u00eat \u00e0 la bonne mise en \u0153uvre du programme triennal<\/em>\u00a0\u00bb, a-t-il formul\u00e9 \u00e0 l\u2019endroit des membres de l\u2019ONG sant\u00e9 diab\u00e8te.<\/p>\n<figure id=\"attachment_38193\" aria-describedby=\"caption-attachment-38193\" style=\"width: 744px\" class=\"wp-caption alignnone\"><img decoding=\"async\" loading=\"lazy\" class=\"wp-image-38193 size-full\" src=\"https:\/\/linitiative.ca\/International\/wp-content\/uploads\/sites\/23\/2021\/08\/Nare-Ministere-representant-le-Ministre.jpeg\" alt=\"\" width=\"744\" height=\"992\" srcset=\"https:\/\/linitiative.ca\/International\/wp-content\/uploads\/sites\/23\/2021\/08\/Nare-Ministere-representant-le-Ministre.jpeg 744w, https:\/\/www.sidwaya.info\/wp-content\/uploads\/2021\/08\/Nare-Ministere-representant-le-Ministre-225x300.jpeg 225w, https:\/\/www.sidwaya.info\/wp-content\/uploads\/2021\/08\/Nare-Ministere-representant-le-Ministre-150x200.jpeg 150w, https:\/\/www.sidwaya.info\/wp-content\/uploads\/2021\/08\/Nare-Ministere-representant-le-Ministre-300x400.jpeg 300w, https:\/\/www.sidwaya.info\/wp-content\/uploads\/2021\/08\/Nare-Ministere-representant-le-Ministre-696x928.jpeg 696w, https:\/\/www.sidwaya.info\/wp-content\/uploads\/2021\/08\/Nare-Ministere-representant-le-Ministre-315x420.jpeg 315w\" sizes=\"auto, (max-width: 744px) 100vw, 744px\"><figcaption id=\"caption-attachment-38193\" class=\"wp-caption-text\">Le repr\u00e9sentant du ministre de la sant\u00e9, Narcisse Nar\u00e9 a indiqu\u00e9 que le diab\u00e8te un probl\u00e8me de sant\u00e9 publique.<\/figcaption><\/figure>\n<p>L\u2019ONG Sant\u00e9 diab\u00e8te pr\u00e9voit la r\u00e9alisation d\u2019une maison de la pr\u00e9vention fonctionnelle avec 400 animations d\u2019ateliers de sensibilisation et de pr\u00e9vention sur le diab\u00e8te touchant 5000 personnes. A cela s\u2019ajoutent notamment, 150 s\u00e9ances de d\u00e9pistage gratuits, 252 animations de sensibilisation sur le diab\u00e8te dans 42 classes des \u00e9coles primaires touchant 2100 \u00e9l\u00e8ves et la formations de 25 journalistes sur le diab\u00e8te.<\/p>\n<p style=\"text-align: right\"><strong>Wamini Micheline OUEDRAOGO<\/strong><\/p>\n<p>\u00a0<\/p>\n<p>L\u2019article <a rel=\"nofollow\" href=\"https:\/\/www.sidwaya.info\/blog\/2021\/08\/04\/burkina-faso-long-sante-diabete-lance-son-programme-triennal-2021-2023\/\">Burkina Faso : L\u2019ONG sant\u00e9 diab\u00e8te lance son programme triennal 2021-2023<\/a> est apparu en premier sur <a rel=\"nofollow\" href=\"https:\/\/www.sidwaya.info\/\">Quotidien Sidwaya<\/a>.<\/p>\n<\/div>\n<p>Auteur: Wamini SIDWAYA<br \/>\n<a href=\"https:\/\/www.sidwaya.info\/blog\/2021\/08\/04\/burkina-faso-long-sante-diabete-lance-son-programme-triennal-2021-2023\/\">Cliquez ici pour lire l&rsquo;article depuis sa source.<\/a><\/p>\n","protected":false},"excerpt":{"rendered":"<p>L\u2019ONG sant\u00e9 diab\u00e8te en collaboration avec le minist\u00e8re de la Sant\u00e9 a lanc\u00e9 le vendredi 30 juillet 2021 \u00e0 Ouagadougou, le programme triennal 2021-2023 de lutte contre le diab\u00e8te au Burkina Faso. Le diab\u00e8te constitue un probl\u00e8me de sant\u00e9 publique au regard de sa progression croissante. Au Burkina Faso, la pr\u00e9valence se situe autour de [&hellip;]<\/p>\n","protected":false},"author":1816,"featured_media":0,"comment_status":"closed","ping_status":"closed","sticky":false,"template":"","format":"standard","meta":{"fifu_image_url":"https:\/\/www.sidwaya.info\/wp-content\/uploads\/2021\/08\/PR-DRABO.jpeg","fifu_image_alt":"Burkina Faso : L\u2019ONG sant\u00e9 diab\u00e8te lance son programme triennal 2021-2023","footnotes":""},"categories":[73,81],"tags":[],"class_list":["post-123283","post","type-post","status-publish","format-standard","hentry","category-actualite","category-burkina-faso"],"_links":{"self":[{"href":"https:\/\/linitiative.ca\/International\/wp-json\/wp\/v2\/posts\/123283","targetHints":{"allow":["GET"]}}],"collection":[{"href":"https:\/\/linitiative.ca\/International\/wp-json\/wp\/v2\/posts"}],"about":[{"href":"https:\/\/linitiative.ca\/International\/wp-json\/wp\/v2\/types\/post"}],"author":[{"embeddable":true,"href":"https:\/\/linitiative.ca\/International\/wp-json\/wp\/v2\/users\/1816"}],"replies":[{"embeddable":true,"href":"https:\/\/linitiative.ca\/International\/wp-json\/wp\/v2\/comments?post=123283"}],"version-history":[{"count":0,"href":"https:\/\/linitiative.ca\/International\/wp-json\/wp\/v2\/posts\/123283\/revisions"}],"wp:attachment":[{"href":"https:\/\/linitiative.ca\/International\/wp-json\/wp\/v2\/media?parent=123283"}],"wp:term":[{"taxonomy":"category","embeddable":true,"href":"https:\/\/linitiative.ca\/International\/wp-json\/wp\/v2\/categories?post=123283"},{"taxonomy":"post_tag","embeddable":true,"href":"https:\/\/linitiative.ca\/International\/wp-json\/wp\/v2\/tags?post=123283"}],"curies":[{"name":"wp","href":"https:\/\/api.w.org\/{rel}","templated":true}]}}