{"id":123287,"date":"2021-08-04T13:18:01","date_gmt":"2021-08-04T17:18:01","guid":{"rendered":"https:\/\/linitiative.ca\/International\/covid-19-le-ministre-ivoirien-de-la-defense-en-confinement\/"},"modified":"2021-08-04T13:18:01","modified_gmt":"2021-08-04T17:18:01","slug":"covid-19-le-ministre-ivoirien-de-la-defense-en-confinement","status":"publish","type":"post","link":"https:\/\/linitiative.ca\/International\/covid-19-le-ministre-ivoirien-de-la-defense-en-confinement\/","title":{"rendered":"Covid-19: le ministre ivoirien de la D\u00e9fense en confinement"},"content":{"rendered":"<div>\n<p>Le ministre d\u2019Etat, ministre de la D\u00e9fense, M. T\u00e9n\u00e9 Birahima Ouattara, \u00ab\u00a0sujet contact d\u2019un cas positif \u00e0 la Covid-19, s\u2019est mis en confinement\u00a0\u00bb, selon une note officielle publi\u00e9e mercredi.<\/p>\n<p>Le mardi 3 ao\u00fbt 2021, le ministre de la D\u00e9fense, \u00ab\u00a0sujet contact d\u2019un cas positif\u00a0\u00bb, s\u2019est mis en confinement conform\u00e9ment aux dispositions en vigueur\u00a0\u00bb, indique une note du minist\u00e8re d\u2019Etat, minist\u00e8re de la D\u00e9fense.<\/p>\n<p>Cette annonce intervient au lendemain d\u2019un communiqu\u00e9 de la pr\u00e9sidence ivoirienne, indiquant que Alassane Ouattara s\u2019est mis en \u00ab\u00a0confinement\u00a0\u00bb apr\u00e8s avoir \u00e9t\u00e9 en contact avec une personne d\u00e9clar\u00e9e positive \u00e0 la Covid-19.<\/p>\n<p>Le chef de l\u2019Etat \u00e9tait \u00e9galement \u00ab\u00a0en contact avec une personne d\u00e9clar\u00e9e positive \u00e0 la Covid-19\u00a0\u00bb. Il a de ce fait d\u00e9cid\u00e9 suivant les recommandations sanitaires en la mati\u00e8re et conform\u00e9ment aux dispositions gouvernementales, de se mettre en confinement.<\/p>\n<p>Le pr\u00e9sident ivoirien a \u00ab\u00a0exhort\u00e9 les Ivoiriens et les populations vivant en C\u00f4te d\u2019Ivoire \u00e0 se faire vacciner, tout en continuant \u00e0 respecter les mesures barri\u00e8res visant \u00e0 lutter contre cette pand\u00e9mie\u00a0\u00bb.<\/p>\n<p>Cette situation a lieu \u00e0 quelques jours de la c\u00e9l\u00e9bration de la f\u00eate de l\u2019ind\u00e9pendance de la C\u00f4te d\u2019Ivoire.<\/p>\n<p>Cet article <a rel=\"nofollow\" href=\"https:\/\/www.journalducameroun.com\/covid-19-le-ministre-ivoirien-de-la-defense-en-confinement\/\">Covid-19: le ministre ivoirien de la D\u00e9fense en confinement<\/a> est apparu en premier sur <a rel=\"nofollow\" href=\"https:\/\/www.journalducameroun.com\/\">Journal du Cameroun<\/a>.<\/p>\n<\/div>\n<p>Auteur: APA News<br \/>\n<a href=\"https:\/\/www.journalducameroun.com\/covid-19-le-ministre-ivoirien-de-la-defense-en-confinement\/\">Cliquez ici pour lire l&rsquo;article depuis sa source.<\/a><\/p>\n","protected":false},"excerpt":{"rendered":"<p>Le ministre d\u2019Etat, ministre de la D\u00e9fense, M. T\u00e9n\u00e9 Birahima Ouattara, \u00ab\u00a0sujet contact d\u2019un cas positif \u00e0 la Covid-19, s\u2019est mis en confinement\u00a0\u00bb, selon une note officielle publi\u00e9e mercredi. Le mardi 3 ao\u00fbt 2021, le ministre de la D\u00e9fense, \u00ab\u00a0sujet contact d\u2019un cas positif\u00a0\u00bb, s\u2019est mis en confinement conform\u00e9ment aux dispositions en vigueur\u00a0\u00bb, indique une [&hellip;]<\/p>\n","protected":false},"author":1965,"featured_media":0,"comment_status":"closed","ping_status":"closed","sticky":false,"template":"","format":"standard","meta":{"fifu_image_url":"","fifu_image_alt":"","footnotes":""},"categories":[73,82],"tags":[],"class_list":["post-123287","post","type-post","status-publish","format-standard","hentry","category-actualite","category-cameroun"],"_links":{"self":[{"href":"https:\/\/linitiative.ca\/International\/wp-json\/wp\/v2\/posts\/123287","targetHints":{"allow":["GET"]}}],"collection":[{"href":"https:\/\/linitiative.ca\/International\/wp-json\/wp\/v2\/posts"}],"about":[{"href":"https:\/\/linitiative.ca\/International\/wp-json\/wp\/v2\/types\/post"}],"author":[{"embeddable":true,"href":"https:\/\/linitiative.ca\/International\/wp-json\/wp\/v2\/users\/1965"}],"replies":[{"embeddable":true,"href":"https:\/\/linitiative.ca\/International\/wp-json\/wp\/v2\/comments?post=123287"}],"version-history":[{"count":0,"href":"https:\/\/linitiative.ca\/International\/wp-json\/wp\/v2\/posts\/123287\/revisions"}],"wp:attachment":[{"href":"https:\/\/linitiative.ca\/International\/wp-json\/wp\/v2\/media?parent=123287"}],"wp:term":[{"taxonomy":"category","embeddable":true,"href":"https:\/\/linitiative.ca\/International\/wp-json\/wp\/v2\/categories?post=123287"},{"taxonomy":"post_tag","embeddable":true,"href":"https:\/\/linitiative.ca\/International\/wp-json\/wp\/v2\/tags?post=123287"}],"curies":[{"name":"wp","href":"https:\/\/api.w.org\/{rel}","templated":true}]}}