{"id":123288,"date":"2021-08-04T14:18:01","date_gmt":"2021-08-04T18:18:01","guid":{"rendered":"https:\/\/linitiative.ca\/International\/rca-la-minusca-renforce-ses-dispositifs-securitaires-a-mann\/"},"modified":"2021-08-04T14:18:01","modified_gmt":"2021-08-04T18:18:01","slug":"rca-la-minusca-renforce-ses-dispositifs-securitaires-a-mann","status":"publish","type":"post","link":"https:\/\/linitiative.ca\/International\/rca-la-minusca-renforce-ses-dispositifs-securitaires-a-mann\/","title":{"rendered":"RCA: la Minusca renforce ses dispositifs s\u00e9curitaires \u00e0 Mann"},"content":{"rendered":"<div>\n<p><img loading=\"lazy\" decoding=\"async\" width=\"255\" height=\"197\" src=\"https:\/\/linitiative.ca\/International\/wp-content\/uploads\/sites\/23\/2021\/08\/16281010824315.jpg\" class=\"attachment-post-thumbnail size-post-thumbnail wp-post-image\" alt=\"\"><\/p>\n<p>La force de la Mission multidimensionnelle int\u00e9gr\u00e9e des Nations unies pour la stabilisation en Centrafrique (Minusca) se d\u00e9ploie dans ce village situ\u00e9 \u00e0 470 km au nord-ouest de Bangui, pour prot\u00e9ger les civils contre les groupes arm\u00e9s.\u00ab Suite \u00e0 l&rsquo;attaque lanc\u00e9e par les \u00e9l\u00e9ments de 3R contre la position des FACA (Forces arm\u00e9es centrafricaines) en date du 31 juillet 2021 au village de Mann, la Force a aussit\u00f4t d\u00e9ploy\u00e9 une force d&rsquo;intervention rapide, appuy\u00e9e par une mission de reconnaissance a\u00e9rienne \u00bb, a d\u00e9clar\u00e9 ce mercredi \u00e0 Bangui, le porte-parole de la force, le lieutenant-colonel Abdoul Aziz Fall.<\/p>\n<p>S&rsquo;exprimant au cours de la conf\u00e9rence de presse hebdomadaire de la mission onusienne, M. Fall a indiqu\u00e9 que les patrouilles des Casques bleus \u00e0 Mann ont d&rsquo;abord assur\u00e9 la protection des civils qui fuyaient les combats et ont ensuite soutenu les \u00e9l\u00e9ments des Forces arm\u00e9es centrafricaines dans la localit\u00e9.<\/p>\n<p>\u00ab Pour l&rsquo;instant, le village de Mann n&rsquo;est pas sous contr\u00f4le des \u00e9l\u00e9ments de 3R (Retour, r\u00e9clamation, r\u00e9conciliation)\u00a0\u00bb, a soutenu le lieutenant-colonel Fall, ajoutant que les Casques bleus continuent de renforcer les patrouilles dans la localit\u00e9 afin d&rsquo;assurer la protection maximale des populations.<\/p>\n<p>Par ailleurs, en r\u00e9actions aux pr\u00e9occupations des journalistes sur les all\u00e9gations contre le contingent marocain de la Minusca \u00e0 Obo (sud-est), dans leur implication dans les attaques du groupe arm\u00e9 de l&rsquo;Unit\u00e9 pour la paix en Centrafrique (UPC), l&rsquo;officier s\u00e9n\u00e9galais a pr\u00e9cis\u00e9 que \u00ab n&rsquo;eut \u00e9t\u00e9 la riposte vigoureuse du d\u00e9tachement de Casques bleus, les cons\u00e9quences de cette attaque auraient \u00e9t\u00e9 plus tragiques.\u00a0\u00bb<\/p>\n<p>Il a par ailleurs d\u00e9nonc\u00e9 \u00ab ces fausses accusations, coupl\u00e9es \u00e0 une campagne manifeste de d\u00e9nigrement \u00bb, s&rsquo;agissant de la complicit\u00e9 des Casques bleus et des \u00e9l\u00e9ments arm\u00e9s lors de ces attaques.<\/p>\n<p>De son c\u00f4t\u00e9, le Coordonnateur de la Division de communication strat\u00e9gique et de l&rsquo;information publique de la Mission, Th\u00e9ophane Kinda, faisant le point sur la situation des Droits de l&rsquo;Homme dans le pays, a signal\u00e9 que la Minusca a document\u00e9 25 incidents ayant affect\u00e9 au moins 42 victimes.<\/p>\n<p>\u00ab La Minusca a observ\u00e9 une augmentation du nombre d&rsquo;incidents et de victimes comparativement \u00e0 la semaine pr\u00e9c\u00e9dente (11 incidents et 34 victimes) \u00bb, a-t-il soutenu, pr\u00e9cisant que les pr\u00e9fectures les plus touch\u00e9es sont le Mbomou, l&rsquo;Ouham-Pend\u00e9 et le Bamingui-Bangoran.<\/p>\n<p>\u00ab Les auteurs pr\u00e9sum\u00e9s des abus\/violations document\u00e9s cette semaine sont les groupes arm\u00e9s avec 40% d&rsquo;incidents. L&rsquo;arm\u00e9e centrafricaine et les autres personnels de s\u00e9curit\u00e9 sont pr\u00e9sum\u00e9s auteurs de 60% d&rsquo;incidents \u00bb, a d\u00e9taill\u00e9 Th\u00e9ophane Kinda.<\/p>\n<p>Le Coordonnateur de la Division de communication strat\u00e9gique et de l&rsquo;information publique a \u00e9galement fait part de la poursuite des op\u00e9rations de d\u00e9sarmement des groupes arm\u00e9s, organis\u00e9es par le gouvernement centrafricain \u00e0 Bria, avec l&rsquo;appui de la Minusca.<\/p>\n<p>\u00ab A ce jour, 235 \u00e9l\u00e9ments et leaders de diff\u00e9rents groupes arm\u00e9s dont le FPRC, l&rsquo;UPC, le MPC et les Anti-Balakas y ont pris part, tandis que 103 armes, 10 grenades, 13 roquettes, 319 munitions ont \u00e9t\u00e9 collect\u00e9es. Apr\u00e8s chaque op\u00e9ration, les concern\u00e9s rentrent dans leurs familles \u00bb, a fait savoir Th\u00e9ophane Kinda.<\/p>\n<p>Dans le cadre de la restauration de l&rsquo;autorit\u00e9 de l&rsquo;Etat, Th\u00e9ophane Kinda a soulign\u00e9 que la Minusca a appuy\u00e9 le minist\u00e8re de l&rsquo;Administration territoriale et de la D\u00e9centralisation et les bureaux hors-si\u00e8ge, dans la mise \u00e0 jour de la pr\u00e9sence des autorit\u00e9s administratives \u00e0 leurs postes en juillet 2021.<\/p>\n<p>\u00ab Il a \u00e9t\u00e9 v\u00e9rifi\u00e9 que 130 sur 174 pr\u00e9fets, sous-pr\u00e9fets, secr\u00e9taires g\u00e9n\u00e9raux de pr\u00e9fectures et secr\u00e9taires g\u00e9n\u00e9raux de sous-pr\u00e9fectures sont pr\u00e9sents sur le terrain. Le niveau de d\u00e9ploiement des secr\u00e9taires de sous-pr\u00e9fectures reste faible avec seulement 42 pr\u00e9sents sur 71 \u00bb, a-t-il dit, ajoutant que la Minusca travaille avec le gouvernement sur le red\u00e9ploiement des fonctionnaires et la question des fonctionnaires absents.<\/p>\n<p>Cet article <a rel=\"nofollow\" href=\"https:\/\/www.journalducameroun.com\/rca-la-minusca-renforce-ses-dispositifs-securitaires-a-mann\/\">RCA: la Minusca renforce ses dispositifs s\u00e9curitaires \u00e0 Mann<\/a> est apparu en premier sur <a rel=\"nofollow\" href=\"https:\/\/www.journalducameroun.com\/\">Journal du Cameroun<\/a>.<\/p>\n<\/div>\n<p>Auteur: APA News<br \/>\n<a href=\"https:\/\/www.journalducameroun.com\/rca-la-minusca-renforce-ses-dispositifs-securitaires-a-mann\/\">Cliquez ici pour lire l&rsquo;article depuis sa source.<\/a><\/p>\n","protected":false},"excerpt":{"rendered":"<p>La force de la Mission multidimensionnelle int\u00e9gr\u00e9e des Nations unies pour la stabilisation en Centrafrique (Minusca) se d\u00e9ploie dans ce village situ\u00e9 \u00e0 470 km au nord-ouest de Bangui, pour prot\u00e9ger les civils contre les groupes arm\u00e9s.\u00ab Suite \u00e0 l&rsquo;attaque lanc\u00e9e par les \u00e9l\u00e9ments de 3R contre la position des FACA (Forces arm\u00e9es centrafricaines) en [&hellip;]<\/p>\n","protected":false},"author":1965,"featured_media":0,"comment_status":"closed","ping_status":"closed","sticky":false,"template":"","format":"standard","meta":{"fifu_image_url":"https:\/\/www.journalducameroun.com\/wp-content\/uploads\/2021\/08\/16281010824315.jpg","fifu_image_alt":"RCA: la Minusca renforce ses dispositifs s\u00e9curitaires \u00e0 Mann","footnotes":""},"categories":[73,82],"tags":[],"class_list":["post-123288","post","type-post","status-publish","format-standard","hentry","category-actualite","category-cameroun"],"_links":{"self":[{"href":"https:\/\/linitiative.ca\/International\/wp-json\/wp\/v2\/posts\/123288","targetHints":{"allow":["GET"]}}],"collection":[{"href":"https:\/\/linitiative.ca\/International\/wp-json\/wp\/v2\/posts"}],"about":[{"href":"https:\/\/linitiative.ca\/International\/wp-json\/wp\/v2\/types\/post"}],"author":[{"embeddable":true,"href":"https:\/\/linitiative.ca\/International\/wp-json\/wp\/v2\/users\/1965"}],"replies":[{"embeddable":true,"href":"https:\/\/linitiative.ca\/International\/wp-json\/wp\/v2\/comments?post=123288"}],"version-history":[{"count":0,"href":"https:\/\/linitiative.ca\/International\/wp-json\/wp\/v2\/posts\/123288\/revisions"}],"wp:attachment":[{"href":"https:\/\/linitiative.ca\/International\/wp-json\/wp\/v2\/media?parent=123288"}],"wp:term":[{"taxonomy":"category","embeddable":true,"href":"https:\/\/linitiative.ca\/International\/wp-json\/wp\/v2\/categories?post=123288"},{"taxonomy":"post_tag","embeddable":true,"href":"https:\/\/linitiative.ca\/International\/wp-json\/wp\/v2\/tags?post=123288"}],"curies":[{"name":"wp","href":"https:\/\/api.w.org\/{rel}","templated":true}]}}