{"id":123294,"date":"2021-08-04T17:18:02","date_gmt":"2021-08-04T21:18:02","guid":{"rendered":"https:\/\/linitiative.ca\/International\/maroc-covid-19-lancement-du-premier-smart-vaccinodrome-integre\/"},"modified":"2021-08-04T17:18:02","modified_gmt":"2021-08-04T21:18:02","slug":"maroc-covid-19-lancement-du-premier-smart-vaccinodrome-integre","status":"publish","type":"post","link":"https:\/\/linitiative.ca\/International\/maroc-covid-19-lancement-du-premier-smart-vaccinodrome-integre\/","title":{"rendered":"Maroc\/Covid-19 : Lancement du premier Smart Vaccinodrome int\u00e9gr\u00e9"},"content":{"rendered":"<div>\n<p><img loading=\"lazy\" decoding=\"async\" width=\"1368\" height=\"912\" src=\"https:\/\/linitiative.ca\/International\/wp-content\/uploads\/sites\/23\/2021\/08\/16281118828811.jpg\" class=\"attachment-post-thumbnail size-post-thumbnail wp-post-image\" alt=\"\" srcset=\"https:\/\/linitiative.ca\/International\/wp-content\/uploads\/sites\/23\/2021\/08\/16281118828811.jpg 1368w, https:\/\/www.journalducameroun.com\/wp-content\/uploads\/2021\/08\/16281118828811-300x200.jpg 300w, https:\/\/www.journalducameroun.com\/wp-content\/uploads\/2021\/08\/16281118828811-768x512.jpg 768w, https:\/\/www.journalducameroun.com\/wp-content\/uploads\/2021\/08\/16281118828811-1024x683.jpg 1024w, https:\/\/www.journalducameroun.com\/wp-content\/uploads\/2021\/08\/16281118828811-660x440.jpg 660w, https:\/\/www.journalducameroun.com\/wp-content\/uploads\/2021\/08\/16281118828811-600x400.jpg 600w\" sizes=\"auto, (max-width: 1368px) 100vw, 1368px\"><\/p>\n<p>Dans le cadre des efforts du Maroc en mati\u00e8re de gestion de la pand\u00e9mie Covid 19, et afin d&rsquo;acc\u00e9l\u00e9rer le rythme du processus national de vaccination contre la Covid-19, le ministre de la Sant\u00e9, Khalid Ait Taleb, a pr\u00e9sid\u00e9, l&rsquo;inauguration du premier centre de vaccination num\u00e9rique et int\u00e9gr\u00e9 au Maroc.Situ\u00e9 dans la province de Nouaceur pr\u00e8s de Casablanca, sur une superficie de 2.200 m2, ce Vaccinodrome num\u00e9rique a pour objectif la vaccination de 3000 \u00e0 4000 personnes par jour, indique mercredi un communiqu\u00e9 du minist\u00e8re de la Sant\u00e9.<\/p>\n<p>Il est \u00e0 noter que ce centre permettra la digitalisation de l&rsquo;ensemble du processus de vaccination \u00e0 travers un syst\u00e8me QR code qui permet la tra\u00e7abilit\u00e9 des citoyens tout au long du circuit de vaccination.<\/p>\n<p>De l&rsquo;enregistrement, en passant par le d\u00e9pistage, ainsi que le suivi du rythme du processus de vaccination au quotidien. De la sorte, ces donn\u00e9es permettent une analyse du nombre de patients d\u00e9pist\u00e9s, vaccin\u00e9s, et traiter, ainsi que la dur\u00e9e de chaque op\u00e9ration.<\/p>\n<p>Ce centre pr\u00e9sente \u00e9galement plusieurs caract\u00e9ristiques qui en font un environnement totalement ma\u00eetris\u00e9 gr\u00e2ce \u00e0 des capteurs intelligents qui permettent le contr\u00f4le de la cha\u00eene du froid des vaccins, ainsi que la supervision, la gestion et l&rsquo;analyse des donn\u00e9es m\u00e9dicales, environnementales et logistiques.<\/p>\n<p>La cr\u00e9ation de ce projet renforcera l&rsquo;image du Royaume du Maroc en tant que mod\u00e8le dans la gestion exemplaire de la pand\u00e9mie de Covid-19 et de ses effets, et consolidera \u00e9galement l&rsquo;ambition de notre pays d&rsquo;atteindre une souverainet\u00e9 sanitaire unique. en d\u00e9veloppant un syst\u00e8me de sant\u00e9 plus intelligent et plus innovant, souligne le communiqu\u00e9.<\/p>\n<p>Cet article <a rel=\"nofollow\" href=\"https:\/\/www.journalducameroun.com\/maroc-covid-19-lancement-du-premier-smart-vaccinodrome-integre\/\">Maroc\/Covid-19 : Lancement du premier Smart Vaccinodrome int\u00e9gr\u00e9<\/a> est apparu en premier sur <a rel=\"nofollow\" href=\"https:\/\/www.journalducameroun.com\/\">Journal du Cameroun<\/a>.<\/p>\n<\/div>\n<p>Auteur: APA News<br \/>\n<a href=\"https:\/\/www.journalducameroun.com\/maroc-covid-19-lancement-du-premier-smart-vaccinodrome-integre\/\">Cliquez ici pour lire l&rsquo;article depuis sa source.<\/a><\/p>\n","protected":false},"excerpt":{"rendered":"<p>Dans le cadre des efforts du Maroc en mati\u00e8re de gestion de la pand\u00e9mie Covid 19, et afin d&rsquo;acc\u00e9l\u00e9rer le rythme du processus national de vaccination contre la Covid-19, le ministre de la Sant\u00e9, Khalid Ait Taleb, a pr\u00e9sid\u00e9, l&rsquo;inauguration du premier centre de vaccination num\u00e9rique et int\u00e9gr\u00e9 au Maroc.Situ\u00e9 dans la province de Nouaceur [&hellip;]<\/p>\n","protected":false},"author":1965,"featured_media":0,"comment_status":"closed","ping_status":"closed","sticky":false,"template":"","format":"standard","meta":{"fifu_image_url":"https:\/\/www.journalducameroun.com\/wp-content\/uploads\/2021\/08\/16281118828811.jpg","fifu_image_alt":"Maroc\/Covid-19 : Lancement du premier Smart Vaccinodrome int\u00e9gr\u00e9","footnotes":""},"categories":[73,82],"tags":[],"class_list":["post-123294","post","type-post","status-publish","format-standard","hentry","category-actualite","category-cameroun"],"_links":{"self":[{"href":"https:\/\/linitiative.ca\/International\/wp-json\/wp\/v2\/posts\/123294","targetHints":{"allow":["GET"]}}],"collection":[{"href":"https:\/\/linitiative.ca\/International\/wp-json\/wp\/v2\/posts"}],"about":[{"href":"https:\/\/linitiative.ca\/International\/wp-json\/wp\/v2\/types\/post"}],"author":[{"embeddable":true,"href":"https:\/\/linitiative.ca\/International\/wp-json\/wp\/v2\/users\/1965"}],"replies":[{"embeddable":true,"href":"https:\/\/linitiative.ca\/International\/wp-json\/wp\/v2\/comments?post=123294"}],"version-history":[{"count":0,"href":"https:\/\/linitiative.ca\/International\/wp-json\/wp\/v2\/posts\/123294\/revisions"}],"wp:attachment":[{"href":"https:\/\/linitiative.ca\/International\/wp-json\/wp\/v2\/media?parent=123294"}],"wp:term":[{"taxonomy":"category","embeddable":true,"href":"https:\/\/linitiative.ca\/International\/wp-json\/wp\/v2\/categories?post=123294"},{"taxonomy":"post_tag","embeddable":true,"href":"https:\/\/linitiative.ca\/International\/wp-json\/wp\/v2\/tags?post=123294"}],"curies":[{"name":"wp","href":"https:\/\/api.w.org\/{rel}","templated":true}]}}