{"id":123296,"date":"2021-08-04T03:53:29","date_gmt":"2021-08-04T07:53:29","guid":{"rendered":"https:\/\/linitiative.ca\/International\/importations-de-lue-au-cameroun-carburants-ciments-cerealesexoneres-de-20-des-droits-de-douane\/"},"modified":"2021-08-04T03:53:29","modified_gmt":"2021-08-04T07:53:29","slug":"importations-de-lue-au-cameroun-carburants-ciments-cerealesexoneres-de-20-des-droits-de-douane","status":"publish","type":"post","link":"https:\/\/linitiative.ca\/International\/importations-de-lue-au-cameroun-carburants-ciments-cerealesexoneres-de-20-des-droits-de-douane\/","title":{"rendered":"Importations de l\u2019UE au Cameroun: carburants, ciments, c\u00e9r\u00e9ales\u2026exon\u00e9r\u00e9s de 20% des droits de douane"},"content":{"rendered":"<div>\n<p>Sauf d\u00e9cision contraire, le Cameroun devrait amorcer d\u00e8s ce mercredi 04 ao\u00fbt 2021, la 6<sup>e<\/sup>\u00a0phase du d\u00e9mant\u00e8lement tarifaire des produits \u00e9ligibles aux pr\u00e9f\u00e9rences commerciales dans le cadre de l\u2019Accord de partenariat \u00e9conomique (APE) bilat\u00e9ral avec l\u2019Union europ\u00e9enne (UE). Conform\u00e9ment au calendrier du d\u00e9mant\u00e8lement, les produits de la troisi\u00e8me cat\u00e9gorie devront \u00eatre exon\u00e9r\u00e9s de 20% des droits de douane \u00e0 leur entr\u00e9e au Cameroun. Cette cat\u00e9gorie concerne les produits \u00e0 rendement fiscal \u00e9lev\u00e9 tels que les carburant, le ciment, les v\u00e9hicules de tourisme et de transport des personnes, les c\u00e9r\u00e9ales, les appareils r\u00e9cepteurs de t\u00e9l\u00e9vision, les carreaux\u2026 La r\u00e9duction des droits de douanes pour les produits de ce groupe pr\u00e9vue le 04\/08\/2020 n\u2019a finalement d\u00e9but\u00e9 que le 1<sup>er<\/sup>\u00a0janvier 2021 et devraient diminuer au rythme annuel de 10% du tarif initial pour finalement dispara\u00eetre en ao\u00fbt 2029.<\/p>\n<p><strong>Lire aussi<\/strong> : <strong><a href=\"https:\/\/ecomatin.net\/ape-le-cameroun-et-lue-affichent-des-divergencess-sur-la-mise-en-oeuvre-des-regles-dorigines\/\">APE : le Cameroun et l\u2019UE affichent des divergences sur la mise en \u0153uvre des r\u00e8gles d\u2019origines<\/a><\/strong><\/p>\n<p>Autres produits \u00e9galement concern\u00e9s par cette 6<sup>e<\/sup>\u00a0phase, c\u2019est ceux du groupe 2 dont le taux de d\u00e9mant\u00e8lement est pass\u00e9 \u00e0 75%. Rentrent dans cette cat\u00e9gorie, les produits contribuant \u00e0 la promotion de la production locale par les entreprises camerounaises. Il s\u2019agit du clinker, des intrants pour industries alimentaires, marbres, groupes \u00e9lectrog\u00e8ne, camionnette, tracteurs. L\u2019\u00e9limination progressive pour cette cat\u00e9gorie de produits est en cours depuis le 4 ao\u00fbt 2017 avec une d\u00e9cote de 15% du tarif initial par an.\u00a0 Les produits du groupe 1 ne sont pas concern\u00e9 car \u00e9tant d\u00e9j\u00e0 compl\u00e8tement exon\u00e9r\u00e9s de droits de douanes. Il s\u2019agit des produits pharmaceutiques, les engrais, les pesticides autres que les insecticides, les tourteaux, les papiers et cartons, les bitumes de p\u00f4le et autres r\u00e9sidus de p\u00e9trole, la soude, le gypse, la craie, la chaux\u2026\u00a0Le d\u00e9mant\u00e8lement ici a commenc\u00e9 le 4 ao\u00fbt 2016, \u00e0 un rythme de d\u00e9cote de 25% par an.<\/p>\n<p><strong>Lire aussi<\/strong> : <strong><a href=\"https:\/\/ecomatin.net\/ape-le-cameroun-retablit-demantelement-tarifaire\/\">APE : le Cameroun r\u00e9tablit d\u00e9mant\u00e8lement tarifaire<\/a><\/strong><\/p>\n<p>Ainsi \u00e0 partir du mois d\u2019ao\u00fbt 2029, tous les produits des trois cat\u00e9gories en provenance des pays de l\u2019Union europ\u00e9enne, pourront \u00eatre import\u00e9s sans payer de droits de douanes, \u00e0 conditions que ces produits soient v\u00e9ritablement originaires de l\u2019UE europ\u00e9enne. Cependant, sur le point de la d\u00e9finition des r\u00e8gles d\u2019origines, le Cameroun et son partenaire tardent \u00e0 s\u2019accorder. Par exemple, sur la r\u00e8gle de minimis qui fixe le seuil admissible des produits non originaires \u00e0 appliquer par d\u00e9rogation aux normes fix\u00e9es pour chaque produit le Cameroun propose que ce seuil soit de 15% pour les pays originaires du Cameroun et de 10% pour ceux originaires de l\u2019UE. En d\u00e9saccord sur ce crit\u00e8re, la partie europ\u00e9enne propose plut\u00f4t la partie une \u00e9criture sym\u00e9trique avec un seuil de 15% pour les deux partenaires. Autre point de friction, c\u2019est sur la question de l\u2019administration de la preuve d\u2019origine, l\u2019Union europ\u00e9enne propose au Cameroun de remplacer la preuve d\u2019origine en vigueur par un syst\u00e8me d\u2019auto-certification par l\u2019ensemble des op\u00e9rateurs \u00e9conomiques enregistr\u00e9s dans le syst\u00e8me REX. Pour l\u2019UE, ce syst\u00e8me vise \u00e0 simplifier la proc\u00e9dure de d\u00e9livrance de la preuve d\u2019origine en permettant \u00e0 tout exportateur enregistr\u00e9 (quelle que soit sa taille), d\u2019\u00e9tablir lui-m\u00eame sa preuve d\u2019origine. Une proposition que r\u00e9fute le Cameroun. Le pays propose un statu quo caract\u00e9ris\u00e9 par l\u2019administration de la preuve d\u2019origine bas\u00e9e sur le certificat d\u2019origine ou sur la d\u00e9claration d\u2019origine faite par les exportateurs agr\u00e9es.<\/p>\n<p><strong>25 milliards de moins-values fiscales<\/strong><\/p>\n<p>L\u2019\u00e9largissement de la palette des produits b\u00e9n\u00e9ficiant de la pr\u00e9f\u00e9rence APE induit de fait une augmentation des pertes fiscales \u00e9valu\u00e9es au 31 mars 2021 \u00e0 25,1 milliards de FCFA soit respectivement 284 millions en 2016, 1,7 milliards en 2017, 4,3 milliards en 2018, 7,7 milliards en 2019, 8,7 milliards en 2020 et 2,1 milliards entre janvier et mars 2021.<\/p>\n<p><strong>Lire aussi<\/strong> : <strong><a href=\"https:\/\/ecomatin.net\/accords-de-partenariat-economique-les-produitss-camerounais-refoules-aux-portes-de-leurope\/\">Accords de partenariat \u00e9conomique : les produits camerounais refoul\u00e9s aux portes de l\u2019Europe<\/a><\/strong><\/p>\n<p>L\u2019article <a rel=\"nofollow\" href=\"https:\/\/ecomatin.net\/importations-de-lue-au-cameroun-carburants-ciments-cerealesexoneres-de-20-des-droits-de-douane\/\">Importations de l\u2019UE au Cameroun: carburants, ciments, c\u00e9r\u00e9ales\u2026exon\u00e9r\u00e9s de 20% des droits de douane<\/a> est apparu en premier sur <a rel=\"nofollow\" href=\"https:\/\/ecomatin.net\/\">EcoMatin<\/a>.<\/p>\n<\/div>\n<p>Auteur: Cedrick JIONGO<br \/>\n<a href=\"https:\/\/ecomatin.net\/importations-de-lue-au-cameroun-carburants-ciments-cerealesexoneres-de-20-des-droits-de-douane\/\">Cliquez ici pour lire l&rsquo;article depuis sa source.<\/a><\/p>\n","protected":false},"excerpt":{"rendered":"<p>Sauf d\u00e9cision contraire, le Cameroun devrait amorcer d\u00e8s ce mercredi 04 ao\u00fbt 2021, la 6e\u00a0phase du d\u00e9mant\u00e8lement tarifaire des produits \u00e9ligibles aux pr\u00e9f\u00e9rences commerciales dans le cadre de l\u2019Accord de partenariat \u00e9conomique (APE) bilat\u00e9ral avec l\u2019Union europ\u00e9enne (UE). Conform\u00e9ment au calendrier du d\u00e9mant\u00e8lement, les produits de la troisi\u00e8me cat\u00e9gorie devront \u00eatre exon\u00e9r\u00e9s de 20% des [&hellip;]<\/p>\n","protected":false},"author":1969,"featured_media":0,"comment_status":"closed","ping_status":"closed","sticky":false,"template":"","format":"standard","meta":{"fifu_image_url":"","fifu_image_alt":"","footnotes":""},"categories":[82,78],"tags":[],"class_list":["post-123296","post","type-post","status-publish","format-standard","hentry","category-cameroun","category-economie"],"_links":{"self":[{"href":"https:\/\/linitiative.ca\/International\/wp-json\/wp\/v2\/posts\/123296","targetHints":{"allow":["GET"]}}],"collection":[{"href":"https:\/\/linitiative.ca\/International\/wp-json\/wp\/v2\/posts"}],"about":[{"href":"https:\/\/linitiative.ca\/International\/wp-json\/wp\/v2\/types\/post"}],"author":[{"embeddable":true,"href":"https:\/\/linitiative.ca\/International\/wp-json\/wp\/v2\/users\/1969"}],"replies":[{"embeddable":true,"href":"https:\/\/linitiative.ca\/International\/wp-json\/wp\/v2\/comments?post=123296"}],"version-history":[{"count":0,"href":"https:\/\/linitiative.ca\/International\/wp-json\/wp\/v2\/posts\/123296\/revisions"}],"wp:attachment":[{"href":"https:\/\/linitiative.ca\/International\/wp-json\/wp\/v2\/media?parent=123296"}],"wp:term":[{"taxonomy":"category","embeddable":true,"href":"https:\/\/linitiative.ca\/International\/wp-json\/wp\/v2\/categories?post=123296"},{"taxonomy":"post_tag","embeddable":true,"href":"https:\/\/linitiative.ca\/International\/wp-json\/wp\/v2\/tags?post=123296"}],"curies":[{"name":"wp","href":"https:\/\/api.w.org\/{rel}","templated":true}]}}