{"id":123297,"date":"2021-08-04T09:35:18","date_gmt":"2021-08-04T13:35:18","guid":{"rendered":"https:\/\/linitiative.ca\/International\/execution-budgetaire-comment-le-cameroun-a-echappe-a-la-recession-en-2020\/"},"modified":"2021-08-04T09:35:18","modified_gmt":"2021-08-04T13:35:18","slug":"execution-budgetaire-comment-le-cameroun-a-echappe-a-la-recession-en-2020","status":"publish","type":"post","link":"https:\/\/linitiative.ca\/International\/execution-budgetaire-comment-le-cameroun-a-echappe-a-la-recession-en-2020\/","title":{"rendered":"Ex\u00e9cution budg\u00e9taire : comment le Cameroun a \u00e9chapp\u00e9 \u00e0 la r\u00e9cession en 2020"},"content":{"rendered":"<div>\n<p>Le gouvernement et les partenaires techniques et financiers avaient anticip\u00e9 sur une r\u00e9cession en 2020, \u00e0 cause de l\u2019impact n\u00e9gatif de la pand\u00e9mie \u00e0 coronavirus. Finalement, la situation est moins grave que les pr\u00e9visionnistes le projetaient. D\u2019une croissance \u00e9conomique pr\u00e9visionnelle de -2,6%, le Cameroun a plut\u00f4t enregistr\u00e9 une croissance de 0,7% en 2020. Principal instrument de pilotage de la politique \u00e9conomique du gouvernement, le budget de l\u2019Etat a \u00e9t\u00e9 ex\u00e9cut\u00e9 d\u2019une mani\u00e8re satisfaisante, selon le rapport publi\u00e9 par le minist\u00e8re des Finances le 29 juillet 2021. Le document rel\u00e8ve \u201cun niveau satisfaisant de mobilisation des ressources compte tenu de la situation, avec une performance relativement bonne enregistr\u00e9e au niveau des recettes internes par rapport aux pr\u00e9visions r\u00e9vis\u00e9es, ainsi qu\u2019une ma\u00eetrise dans l\u2019ex\u00e9cution globale des d\u00e9penses qui ont \u00e9t\u00e9 contenues dans la limite pr\u00e9visionnelle.\u201d<\/p>\n<p><strong>Lire aussi<\/strong> : <strong><a href=\"https:\/\/ecomatin.net\/parlement-le-gouvernement-horss-delai-sur-le-debatt-dorientation-budgetaire\/\">Parlement : le gouvernement hors d\u00e9lai sur le D\u00e9bat d\u2019orientation budg\u00e9taire<\/a><\/strong><\/p>\n<p>A fin 2020, le minist\u00e8re note un solde budg\u00e9taire global d\u00e9ficitaire de 815,2 milliards de FCFA en-dessous de la pr\u00e9vision r\u00e9vis\u00e9e de 986,6 milliards. Initialement projet\u00e9 \u00e0 2,1% du PIB dans loi de finances et revu \u00e0 4,5% dans la loi de finances rectificative, le d\u00e9ficit budg\u00e9taire s\u2019est finalement \u00e9tabli \u00e0 3,6% du PIB.<\/p>\n<p>La mobilisation des ressources a d\u00e9pass\u00e9 les objectifs. D\u2019une pr\u00e9vision r\u00e9vis\u00e9e de 4 409 milliards, les ressources budg\u00e9taires mobilis\u00e9es \u00e0 fin d\u00e9cembre 2020 s\u2019\u00e9l\u00e8vent \u00e0 4 500,2 milliards soit un taux de r\u00e9alisation de 102,1%. Toutefois, par rapport \u00e0 2019, les ressources budg\u00e9taires baissent de 605,6 milliards.<\/p>\n<p><strong>Lire aussi<\/strong> : <strong><a href=\"https:\/\/ecomatin.net\/assemblee-nationale-pourquoi-un-debat-dorientation-budgetaire\/\">Assembl\u00e9e nationale : pourquoi un D\u00e9bat d\u2019orientation budg\u00e9taire ?<\/a><\/strong><\/p>\n<p>Les recettes internes ont \u00e9t\u00e9 r\u00e9alis\u00e9es \u00e0 hauteur de 3 177,5 milliards pour une pr\u00e9vision r\u00e9vis\u00e9e de 2 848,5 milliards, soit un taux de r\u00e9alisation de 111,5%. \u201cCe r\u00e9sultat est le fait du d\u00e9passement des pr\u00e9visions tant au niveau des recettes p\u00e9troli\u00e8res que non p\u00e9troli\u00e8res\u201d explique-t-on au minist\u00e8re des Finances. En effet, pour un objectif r\u00e9vis\u00e9 de 269,7 milliards, les recettes p\u00e9troli\u00e8res ont \u00e9t\u00e9 recouvr\u00e9es \u00e0 hauteur de 428,2 milliards, soit un taux d\u2019ex\u00e9cution de 158,8%. Les recettes non p\u00e9troli\u00e8res quant \u00e0 elles ont \u00e9t\u00e9 mobilis\u00e9es pour un montant de 2 749,3 milliards sur les pr\u00e9visions de 2 578,8 milliards, soit un taux d\u2019ex\u00e9cution de 106,6% du fait d\u2019un bon recouvrement des recettes fiscales.<\/p>\n<p><strong>Lire aussi<\/strong> : <strong><a href=\"https:\/\/ecomatin.net\/budget-2021-lexecution-est-lancee\/\">Budget 2021: l\u2019ex\u00e9cution est lanc\u00e9e !<\/a><\/strong><\/p>\n<p>En particulier, les recettes fiscales affichent un d\u00e9passement de 185,8 milliards par rapport \u00e0 l\u2019objectif r\u00e9vis\u00e9 de 2 374,8 milliards. C\u2019est le r\u00e9sultat de la performance enregistr\u00e9e dans le recouvrement de l\u2019imp\u00f4t sur les soci\u00e9t\u00e9s non p\u00e9troli\u00e8res (+22,2 milliards), les droits d\u2019accises (+60,1 milliards), la taxe sp\u00e9ciale sur les produits p\u00e9troliers (+22,9 milliards). M\u00eame les recettes non fiscales sont en hausse de 24,2 milliards.<\/p>\n<p>L\u2019ex\u00e9cution du budget en d\u00e9penses a atteint 99% de la pr\u00e9vision r\u00e9vis\u00e9e de 4 409 milliards. On enregistre un d\u00e9passement des pr\u00e9visions au niveau des d\u00e9penses courantes (hors int\u00e9r\u00eats de la dette); 2 536,1 milliards pour une pr\u00e9vision de 2 241 milliards, soit un taux d\u2019ex\u00e9cution 113,2%. Ce d\u00e9passement est compens\u00e9 par la sous r\u00e9alisation des d\u00e9penses en capital, ex\u00e9cut\u00e9es \u00e0 hauteur de 1 061,9 milliards pour une pr\u00e9vision de 1 254,3 milliards, soit un taux d\u2019ex\u00e9cution de 84,7%.<\/p>\n<p><strong>Lire aussi<\/strong> : <strong><a href=\"https:\/\/ecomatin.net\/loi-des-finances-2021-il-ny-aura-pas-de-relance-budgetaire\/\">Loi des finances 2021: Il n\u2019y aura pas de relance budg\u00e9taire<\/a><\/strong><\/p>\n<p>Le service de la dette publique a \u00e9t\u00e9 ex\u00e9cut\u00e9 \u00e0 hauteur de 765,6 milliards sur une pr\u00e9vision r\u00e9vis\u00e9e de 913,7 milliards, soit un taux d\u2019ex\u00e9cution de 83,8%.<\/p>\n<p>L\u2019article <a rel=\"nofollow\" href=\"https:\/\/ecomatin.net\/execution-budgetaire-comment-lle-cameroun-n-a-echappe-a-la-recession-en-2020\/\">Ex\u00e9cution budg\u00e9taire : comment le Cameroun a \u00e9chapp\u00e9 \u00e0 la r\u00e9cession en 2020<\/a> est apparu en premier sur <a rel=\"nofollow\" href=\"https:\/\/ecomatin.net\/\">EcoMatin<\/a>.<\/p>\n<\/div>\n<p>Auteur: Philipe NSOA<br \/>\n<a href=\"https:\/\/ecomatin.net\/execution-budgetaire-comment-lle-cameroun-n-a-echappe-a-la-recession-en-2020\/\">Cliquez ici pour lire l&rsquo;article depuis sa source.<\/a><\/p>\n","protected":false},"excerpt":{"rendered":"<p>Le gouvernement et les partenaires techniques et financiers avaient anticip\u00e9 sur une r\u00e9cession en 2020, \u00e0 cause de l\u2019impact n\u00e9gatif de la pand\u00e9mie \u00e0 coronavirus. Finalement, la situation est moins grave que les pr\u00e9visionnistes le projetaient. D\u2019une croissance \u00e9conomique pr\u00e9visionnelle de -2,6%, le Cameroun a plut\u00f4t enregistr\u00e9 une croissance de 0,7% en 2020. Principal instrument [&hellip;]<\/p>\n","protected":false},"author":1969,"featured_media":0,"comment_status":"closed","ping_status":"closed","sticky":false,"template":"","format":"standard","meta":{"fifu_image_url":"","fifu_image_alt":"","footnotes":""},"categories":[82,78],"tags":[],"class_list":["post-123297","post","type-post","status-publish","format-standard","hentry","category-cameroun","category-economie"],"_links":{"self":[{"href":"https:\/\/linitiative.ca\/International\/wp-json\/wp\/v2\/posts\/123297","targetHints":{"allow":["GET"]}}],"collection":[{"href":"https:\/\/linitiative.ca\/International\/wp-json\/wp\/v2\/posts"}],"about":[{"href":"https:\/\/linitiative.ca\/International\/wp-json\/wp\/v2\/types\/post"}],"author":[{"embeddable":true,"href":"https:\/\/linitiative.ca\/International\/wp-json\/wp\/v2\/users\/1969"}],"replies":[{"embeddable":true,"href":"https:\/\/linitiative.ca\/International\/wp-json\/wp\/v2\/comments?post=123297"}],"version-history":[{"count":0,"href":"https:\/\/linitiative.ca\/International\/wp-json\/wp\/v2\/posts\/123297\/revisions"}],"wp:attachment":[{"href":"https:\/\/linitiative.ca\/International\/wp-json\/wp\/v2\/media?parent=123297"}],"wp:term":[{"taxonomy":"category","embeddable":true,"href":"https:\/\/linitiative.ca\/International\/wp-json\/wp\/v2\/categories?post=123297"},{"taxonomy":"post_tag","embeddable":true,"href":"https:\/\/linitiative.ca\/International\/wp-json\/wp\/v2\/tags?post=123297"}],"curies":[{"name":"wp","href":"https:\/\/api.w.org\/{rel}","templated":true}]}}