{"id":123305,"date":"2021-08-05T10:15:24","date_gmt":"2021-08-05T14:15:24","guid":{"rendered":"https:\/\/linitiative.ca\/International\/logiciels-et-solutions-analytiques-sas-se-prepare-a-son-entree-en-bourse\/"},"modified":"2021-08-05T10:15:24","modified_gmt":"2021-08-05T14:15:24","slug":"logiciels-et-solutions-analytiques-sas-se-prepare-a-son-entree-en-bourse","status":"publish","type":"post","link":"https:\/\/linitiative.ca\/International\/logiciels-et-solutions-analytiques-sas-se-prepare-a-son-entree-en-bourse\/","title":{"rendered":"Logiciels et solutions analytiques : SAS se pr\u00e9pare \u00e0 son entr\u00e9e  en bourse"},"content":{"rendered":"<div>\n<p><img decoding=\"async\" width=\"300\" height=\"153\" src=\"https:\/\/linitiative.ca\/International\/wp-content\/uploads\/sites\/23\/2021\/08\/sas_-300x153-1.jpg\" class=\"attachment-medium size-medium wp-post-image\" alt=\"\" loading=\"lazy\" srcset=\"\/\/aujourdhui.ma\/wp-content\/uploads\/2021\/08\/sas_--300x153.jpg 300w, \/\/aujourdhui.ma\/wp-content\/uploads\/2021\/08\/sas_--274x140.jpg 274w, \/\/aujourdhui.ma\/wp-content\/uploads\/2021\/08\/sas_-.jpg 746w, \/\/aujourdhui.ma\/wp-content\/uploads\/2021\/08\/sas_--165x84.jpg 165w, \/\/aujourdhui.ma\/wp-content\/uploads\/2021\/08\/sas_--702x358.jpg 702w\" sizes=\"auto, (max-width: 300px) 100vw, 300px\"><\/p>\n<p><strong>SAS, leader mondial de l\u2019analytique et de l\u2019intelligence artificielle, a annonc\u00e9 son intention d\u2019\u00eatre pr\u00eat pour une introduction en bourse d\u2019ici 2024.<\/strong><span id=\"more-383390\"><\/span><\/p>\n<p>Afin d\u2019\u00eatre pr\u00eat \u00e0 entrer en bourse, SAS souligne dans un communiqu\u00e9 qu\u2019elle travaillera \u00e0 la refonte de ses proc\u00e9dures de reporting financier, la rationalisation de certains processus op\u00e9rationnels et se concentrera sur les segments de son offre o\u00f9 elle peut continuer \u00e0 prosp\u00e9rer et \u00e0 se d\u00e9velopper au profit de ses parties prenantes. Sous la direction de ses cofondateurs, Jim Goodnight et John Sall, SAS a atteint la solidit\u00e9 financi\u00e8re, le capital de marque et la position de leader sur le march\u00e9, permettant de franchir le pas. En 2020, SAS a g\u00e9n\u00e9r\u00e9 environ 3 milliards de dollars de revenus et a r\u00e9alis\u00e9 sa 45e ann\u00e9e cons\u00e9cutive de rentabilit\u00e9. Aussi, la soci\u00e9t\u00e9 a enregistr\u00e9 une croissance de 8,4 % de son chiffre d\u2019affaires au cours du premier semestre 2021. Cela d\u00e9montre un besoin accru de donn\u00e9es et d\u2019analytique pour r\u00e9pondre \u00e0 la pand\u00e9mie mondiale. La soci\u00e9t\u00e9 pr\u00e9voit de continuer \u00e0 renforcer sa base financi\u00e8re solide dans les ann\u00e9es \u00e0 venir, tout en pr\u00e9parant une entr\u00e9e potentielle sur les march\u00e9s publics.<\/p>\n<\/div>\n<p>Auteur: ALM<br \/>\n<a href=\"https:\/\/aujourdhui.ma\/economie\/logiciels-et-solutions-analytiques-sas-se-prepare-a-son-entree-en-bourse\">Cliquez ici pour lire l&rsquo;article depuis sa source.<\/a><\/p>\n","protected":false},"excerpt":{"rendered":"<p>SAS, leader mondial de l\u2019analytique et de l\u2019intelligence artificielle, a annonc\u00e9 son intention d\u2019\u00eatre pr\u00eat pour une introduction en bourse d\u2019ici 2024. Afin d\u2019\u00eatre pr\u00eat \u00e0 entrer en bourse, SAS souligne dans un communiqu\u00e9 qu\u2019elle travaillera \u00e0 la refonte de ses proc\u00e9dures de reporting financier, la rationalisation de certains processus op\u00e9rationnels et se concentrera sur [&hellip;]<\/p>\n","protected":false},"author":1759,"featured_media":0,"comment_status":"closed","ping_status":"closed","sticky":false,"template":"","format":"standard","meta":{"fifu_image_url":"https:\/\/aujourdhui.ma\/wp-content\/uploads\/2021\/08\/sas_--300x153.jpg","fifu_image_alt":"Logiciels et solutions analytiques : SAS se pr\u00e9pare \u00e0 son entr\u00e9e  en bourse","footnotes":""},"categories":[73,54],"tags":[],"class_list":["post-123305","post","type-post","status-publish","format-standard","hentry","category-actualite","category-maroc"],"_links":{"self":[{"href":"https:\/\/linitiative.ca\/International\/wp-json\/wp\/v2\/posts\/123305","targetHints":{"allow":["GET"]}}],"collection":[{"href":"https:\/\/linitiative.ca\/International\/wp-json\/wp\/v2\/posts"}],"about":[{"href":"https:\/\/linitiative.ca\/International\/wp-json\/wp\/v2\/types\/post"}],"author":[{"embeddable":true,"href":"https:\/\/linitiative.ca\/International\/wp-json\/wp\/v2\/users\/1759"}],"replies":[{"embeddable":true,"href":"https:\/\/linitiative.ca\/International\/wp-json\/wp\/v2\/comments?post=123305"}],"version-history":[{"count":0,"href":"https:\/\/linitiative.ca\/International\/wp-json\/wp\/v2\/posts\/123305\/revisions"}],"wp:attachment":[{"href":"https:\/\/linitiative.ca\/International\/wp-json\/wp\/v2\/media?parent=123305"}],"wp:term":[{"taxonomy":"category","embeddable":true,"href":"https:\/\/linitiative.ca\/International\/wp-json\/wp\/v2\/categories?post=123305"},{"taxonomy":"post_tag","embeddable":true,"href":"https:\/\/linitiative.ca\/International\/wp-json\/wp\/v2\/tags?post=123305"}],"curies":[{"name":"wp","href":"https:\/\/api.w.org\/{rel}","templated":true}]}}