{"id":123307,"date":"2021-08-05T10:45:50","date_gmt":"2021-08-05T14:45:50","guid":{"rendered":"https:\/\/linitiative.ca\/International\/adii-sensibilisation-sur-la-lutte-contre-le-blanchiment-de-capitaux-et-le-financement-du-terrorisme\/"},"modified":"2021-08-05T10:45:50","modified_gmt":"2021-08-05T14:45:50","slug":"adii-sensibilisation-sur-la-lutte-contre-le-blanchiment-de-capitaux-et-le-financement-du-terrorisme","status":"publish","type":"post","link":"https:\/\/linitiative.ca\/International\/adii-sensibilisation-sur-la-lutte-contre-le-blanchiment-de-capitaux-et-le-financement-du-terrorisme\/","title":{"rendered":"ADII : Sensibilisation sur la lutte contre  le blanchiment de capitaux et  le financement du terrorisme"},"content":{"rendered":"<div>\n<p><img decoding=\"async\" width=\"300\" height=\"153\" src=\"https:\/\/linitiative.ca\/International\/wp-content\/uploads\/sites\/23\/2021\/08\/administration-des-douanes-300x153-1.jpg\" class=\"attachment-medium size-medium wp-post-image\" alt=\"\" loading=\"lazy\" srcset=\"\/\/aujourdhui.ma\/wp-content\/uploads\/2017\/08\/administration-des-douanes-300x153.jpg 300w, \/\/aujourdhui.ma\/wp-content\/uploads\/2017\/08\/administration-des-douanes.jpg 746w\" sizes=\"auto, (max-width: 300px) 100vw, 300px\"><\/p>\n<p><span style=\"color: #800000;\"><strong>L\u2019Administration des Douanes et Imp\u00f4ts Indirects (ADII) a organis\u00e9 une s\u00e9rie de rencontres, dans le cadre de la vulgarisation des nouvelles dispositions en mati\u00e8re de lutte contre le blanchiment de capitaux et le financement du terrorisme.<\/strong><\/span><span id=\"more-383394\"><\/span><\/p>\n<p>Dans un communiqu\u00e9, l\u2019ADII indique que la loi n\u00b012.18 publi\u00e9e au bulletin officiel le 14.06.2021 a apport\u00e9 diverses nouveaut\u00e9s en rapport avec le dispositif l\u00e9gal de lutte contre le blanchiment de capitaux et le financement du terrorisme. Ainsi, deux rencontres ont \u00e9t\u00e9 organis\u00e9es le 09 et le 16 juillet 2021 respectivement au si\u00e8ge de la Direction R\u00e9gionale des Douanes de Casablanca-Settat et au si\u00e8ge de la Direction R\u00e9gionale de Tanger T\u00e9touan Al Hoceima au profit de repr\u00e9sentants des commer\u00e7ants des m\u00e9taux pr\u00e9cieux et pierres pr\u00e9cieuses et ce, en collaboration avec l\u2019Autorit\u00e9 Nationale des Renseignements Financiers (ANRF) et la F\u00e9d\u00e9ration marocaine des bijoutiers, fait savoir l\u2019ADII. S\u2019en est suivie une troisi\u00e8me tenue le 29 juillet 2021 au si\u00e8ge du minist\u00e8re de la Culture, avec la participation de l\u2019ANRF et l\u2019ADII, cette fois-ci, au profit des commer\u00e7ants d\u2019\u0153uvres d\u2019art, ajoute la m\u00eame source. Ces \u00e9v\u00e9nements ont constitu\u00e9 l\u2019occasion pour la Douane de sensibiliser ces commer\u00e7ants quant \u00e0 la gravit\u00e9 que rev\u00eat ce d\u00e9lit et d\u2019exposer les obligations l\u00e9gales leur incombant, en tant que personnes assujetties, afin de pr\u00e9venir les risques li\u00e9s au blanchiment des capitaux, \u00e0 travers la mise en place de m\u00e9canismes de contr\u00f4le interne et de mesures de vigilance et la pr\u00e9sentation des d\u00e9clarations de soup\u00e7ons.<\/p>\n<\/div>\n<p>Auteur: ALM<br \/>\n<a href=\"https:\/\/aujourdhui.ma\/economie\/adii-sensibilisation-sur-la-lutte-contre-le-blanchiment-de-capitaux-et-le-financement-du-terrorisme\">Cliquez ici pour lire l&rsquo;article depuis sa source.<\/a><\/p>\n","protected":false},"excerpt":{"rendered":"<p>L\u2019Administration des Douanes et Imp\u00f4ts Indirects (ADII) a organis\u00e9 une s\u00e9rie de rencontres, dans le cadre de la vulgarisation des nouvelles dispositions en mati\u00e8re de lutte contre le blanchiment de capitaux et le financement du terrorisme. Dans un communiqu\u00e9, l\u2019ADII indique que la loi n\u00b012.18 publi\u00e9e au bulletin officiel le 14.06.2021 a apport\u00e9 diverses nouveaut\u00e9s [&hellip;]<\/p>\n","protected":false},"author":1759,"featured_media":0,"comment_status":"closed","ping_status":"closed","sticky":false,"template":"","format":"standard","meta":{"fifu_image_url":"https:\/\/aujourdhui.ma\/wp-content\/uploads\/2017\/08\/administration-des-douanes-300x153.jpg","fifu_image_alt":"ADII : Sensibilisation sur la lutte contre  le blanchiment de capitaux et  le financement du terrorisme","footnotes":""},"categories":[73,54],"tags":[],"class_list":["post-123307","post","type-post","status-publish","format-standard","hentry","category-actualite","category-maroc"],"_links":{"self":[{"href":"https:\/\/linitiative.ca\/International\/wp-json\/wp\/v2\/posts\/123307","targetHints":{"allow":["GET"]}}],"collection":[{"href":"https:\/\/linitiative.ca\/International\/wp-json\/wp\/v2\/posts"}],"about":[{"href":"https:\/\/linitiative.ca\/International\/wp-json\/wp\/v2\/types\/post"}],"author":[{"embeddable":true,"href":"https:\/\/linitiative.ca\/International\/wp-json\/wp\/v2\/users\/1759"}],"replies":[{"embeddable":true,"href":"https:\/\/linitiative.ca\/International\/wp-json\/wp\/v2\/comments?post=123307"}],"version-history":[{"count":0,"href":"https:\/\/linitiative.ca\/International\/wp-json\/wp\/v2\/posts\/123307\/revisions"}],"wp:attachment":[{"href":"https:\/\/linitiative.ca\/International\/wp-json\/wp\/v2\/media?parent=123307"}],"wp:term":[{"taxonomy":"category","embeddable":true,"href":"https:\/\/linitiative.ca\/International\/wp-json\/wp\/v2\/categories?post=123307"},{"taxonomy":"post_tag","embeddable":true,"href":"https:\/\/linitiative.ca\/International\/wp-json\/wp\/v2\/tags?post=123307"}],"curies":[{"name":"wp","href":"https:\/\/api.w.org\/{rel}","templated":true}]}}