{"id":123309,"date":"2021-08-05T11:15:36","date_gmt":"2021-08-05T15:15:36","guid":{"rendered":"https:\/\/linitiative.ca\/International\/asif-lance-son-nouveau-single-balbala\/"},"modified":"2021-08-05T11:15:36","modified_gmt":"2021-08-05T15:15:36","slug":"asif-lance-son-nouveau-single-balbala","status":"publish","type":"post","link":"https:\/\/linitiative.ca\/International\/asif-lance-son-nouveau-single-balbala\/","title":{"rendered":"Asif lance son nouveau single \u00abBalbala\u00bb"},"content":{"rendered":"<div>\n<p><img decoding=\"async\" width=\"300\" height=\"153\" src=\"https:\/\/linitiative.ca\/International\/wp-content\/uploads\/sites\/23\/2021\/08\/ASIF1-ssss-300x153-1.jpg\" class=\"attachment-medium size-medium wp-post-image\" alt=\"\" loading=\"lazy\" srcset=\"\/\/aujourdhui.ma\/wp-content\/uploads\/2021\/08\/ASIF1-ssss-300x153.jpg 300w, \/\/aujourdhui.ma\/wp-content\/uploads\/2021\/08\/ASIF1-ssss-274x140.jpg 274w, \/\/aujourdhui.ma\/wp-content\/uploads\/2021\/08\/ASIF1-ssss.jpg 746w, \/\/aujourdhui.ma\/wp-content\/uploads\/2021\/08\/ASIF1-ssss-165x84.jpg 165w, \/\/aujourdhui.ma\/wp-content\/uploads\/2021\/08\/ASIF1-ssss-702x358.jpg 702w\" sizes=\"auto, (max-width: 300px) 100vw, 300px\"><\/p>\n<p><span style=\"color: #800000;\"><strong>Le groupe marocain s\u2019\u00e9tait d\u00e9j\u00e0 produit dans le film \u00abRazzia\u00bb<\/strong><\/span><span id=\"more-383395\"><\/span><\/p>\n<p>Le groupe Marocain Asif est de retour avec un nouveau single intitul\u00e9 \u00abBalbala\u00bb (Agitation). Une \u0153uvre qu\u2019il vient de lancer en collaboration avec Universal Music MENA.<br \/>\nEn d\u00e9tail, \u00abBalbala\u00bb est, selon le groupe, un m\u00e9lange de trois genres musicaux, \u00e0 savoir la pop, l\u2019art marocain et le hip-hop, en plus d\u2019une touche de musique \u00e9lectronique qui donne un rythme estival \u00e0 la chanson. Pour cette composition d\u2019artistes, ce single refl\u00e8te la dure r\u00e9alit\u00e9 de la vie des jeunes Marocains et r\u00e9sume leurs r\u00eaves, leurs combats, leurs succ\u00e8s, leurs \u00e9checs et leur qu\u00eate du bonheur.<br \/>\n\u00abNous nous sommes inspir\u00e9s d\u2019une exp\u00e9rience personnelle et de la r\u00e9alit\u00e9 de notre vie quotidienne pour \u00e9crire cette chanson. Nous vivons tous les trois dans des quartiers populaires avec des jeunes dont nous partageons les id\u00e9es et les r\u00eaves. Des jeunes qui ont recours aux fantasmes pour \u00e9chapper \u00e0 leur r\u00e9alit\u00e9. C\u2019est pourquoi Balbala incarne l\u2019esprit des r\u00eaves et des d\u00e9sirs, et en m\u00eame temps encourage les jeunes \u00e0 travailler car c\u2019est le seul moyen pour eux d\u2019atteindre leurs objectifs\u00bb, indique Asif.<\/p>\n<p>Pour le groupe, le but est de \u00abpropager des ondes positives tout en proposant des astuces pour acc\u00e9der au succ\u00e8s\u00bb.<br \/>\nSur la sc\u00e8ne musicale, Asif s\u2019est affirm\u00e9 de par ses id\u00e9es novatrices ainsi que son nouveau style musical. Il est form\u00e9 des artistes, Khayreddine et Yassine, et du guitariste Amine, qui se sont rencontr\u00e9s en 2014, et ont commenc\u00e9 leur voyage pour r\u00e9aliser leur r\u00eave artistique en signant avec Universal Music MENA.<br \/>\nPour l\u2019heure, \u00abBalbala\u00bb est disponible sur toutes les plates-formes musicales. Aussi, le clip est diffus\u00e9 sur YouMusic Arabia.<br \/>\nIl est conc\u00e9d\u00e9 sous licence \u00e0 YouTube par UMGroup au nom de Universal Music MENA.<br \/>\nOutre ce tube, Asif a lanc\u00e9, en f\u00e9vrier 2021, le morceau \u00abChitana\u00bb (Diablesse) \u00e9crit et chant\u00e9 par Khayreddine Saddiki, Mohamed Amine Ettahery et Yassine Ouassi. Il est \u00e9galement distribu\u00e9 par Universal Music MENA sur une production du groupe. A propos de cette \u0153uvre, le groupe avait indiqu\u00e9 sur son compte Instagram : \u00abil est difficile d\u2019exprimer ses sentiments\u00bb.<\/p>\n<p>Une d\u00e9claration faite par cette formation d\u2019artistes apr\u00e8s le succ\u00e8s r\u00e9colt\u00e9 par ce single aupr\u00e8s des m\u00e9lomanes. Et ce n\u2019est pas tout! Sur ce r\u00e9seau social, Asif partage sa premi\u00e8re exp\u00e9rience musicale professionnelle intitul\u00e9e \u00abCasablanca\u00bb en 2018 dans le long-m\u00e9trage \u00abRazzia\u00bb de Nabil Ayouch. En effet, le groupe s\u2019y produit en interpr\u00e9tant sa m\u00e9lodie. Une exp\u00e9rience qui sera s\u00fbrement d\u2019une valeur ajout\u00e9e pour le groupe qui a \u00e9galement d\u2019autres \u0153uvres et reprises. Bon vent!<\/p>\n<\/div>\n<p>Auteur: Salima Guisser<br \/>\n<a href=\"https:\/\/aujourdhui.ma\/culture\/asif-lance-son-nouveau-single-balbala\">Cliquez ici pour lire l&rsquo;article depuis sa source.<\/a><\/p>\n","protected":false},"excerpt":{"rendered":"<p>Le groupe marocain s\u2019\u00e9tait d\u00e9j\u00e0 produit dans le film \u00abRazzia\u00bb Le groupe Marocain Asif est de retour avec un nouveau single intitul\u00e9 \u00abBalbala\u00bb (Agitation). Une \u0153uvre qu\u2019il vient de lancer en collaboration avec Universal Music MENA. En d\u00e9tail, \u00abBalbala\u00bb est, selon le groupe, un m\u00e9lange de trois genres musicaux, \u00e0 savoir la pop, l\u2019art marocain [&hellip;]<\/p>\n","protected":false},"author":1759,"featured_media":0,"comment_status":"closed","ping_status":"closed","sticky":false,"template":"","format":"standard","meta":{"fifu_image_url":"https:\/\/aujourdhui.ma\/wp-content\/uploads\/2021\/08\/ASIF1-ssss-300x153.jpg","fifu_image_alt":"Asif lance son nouveau single \u00abBalbala\u00bb","footnotes":""},"categories":[73,54],"tags":[],"class_list":["post-123309","post","type-post","status-publish","format-standard","hentry","category-actualite","category-maroc"],"_links":{"self":[{"href":"https:\/\/linitiative.ca\/International\/wp-json\/wp\/v2\/posts\/123309","targetHints":{"allow":["GET"]}}],"collection":[{"href":"https:\/\/linitiative.ca\/International\/wp-json\/wp\/v2\/posts"}],"about":[{"href":"https:\/\/linitiative.ca\/International\/wp-json\/wp\/v2\/types\/post"}],"author":[{"embeddable":true,"href":"https:\/\/linitiative.ca\/International\/wp-json\/wp\/v2\/users\/1759"}],"replies":[{"embeddable":true,"href":"https:\/\/linitiative.ca\/International\/wp-json\/wp\/v2\/comments?post=123309"}],"version-history":[{"count":0,"href":"https:\/\/linitiative.ca\/International\/wp-json\/wp\/v2\/posts\/123309\/revisions"}],"wp:attachment":[{"href":"https:\/\/linitiative.ca\/International\/wp-json\/wp\/v2\/media?parent=123309"}],"wp:term":[{"taxonomy":"category","embeddable":true,"href":"https:\/\/linitiative.ca\/International\/wp-json\/wp\/v2\/categories?post=123309"},{"taxonomy":"post_tag","embeddable":true,"href":"https:\/\/linitiative.ca\/International\/wp-json\/wp\/v2\/tags?post=123309"}],"curies":[{"name":"wp","href":"https:\/\/api.w.org\/{rel}","templated":true}]}}