{"id":123324,"date":"2021-08-05T08:18:50","date_gmt":"2021-08-05T12:18:50","guid":{"rendered":"https:\/\/linitiative.ca\/International\/previsions-meteorologiques-pour-la-journee-du-vendredi-06-aout\/"},"modified":"2021-08-05T08:18:50","modified_gmt":"2021-08-05T12:18:50","slug":"previsions-meteorologiques-pour-la-journee-du-vendredi-06-aout","status":"publish","type":"post","link":"https:\/\/linitiative.ca\/International\/previsions-meteorologiques-pour-la-journee-du-vendredi-06-aout\/","title":{"rendered":"Pr\u00e9visions m\u00e9t\u00e9orologiques pour la journ\u00e9e du vendredi 06 ao\u00fbt"},"content":{"rendered":"<div>\n<div style=\"margin-bottom:20px;\"><img loading=\"lazy\" decoding=\"async\" width=\"750\" height=\"430\" src=\"https:\/\/linitiative.ca\/International\/wp-content\/uploads\/sites\/23\/2021\/08\/soleil-2.jpg\" class=\"attachment-post-thumbnail size-post-thumbnail wp-post-image\" alt=\"\" srcset=\"https:\/\/linitiative.ca\/International\/wp-content\/uploads\/sites\/23\/2021\/08\/soleil-2.jpg 750w, http:\/\/www.mapmarrakech.ma\/map\/uploads\/2021\/08\/soleil-2-300x172.jpg 300w\" sizes=\"auto, (max-width: 750px) 100vw, 750px\"><\/div>\n<p>\u2013 Temps assez chaud sur le Sud-Est, l\u2019Oriental et les plaines int\u00e9rieures.<\/p>\n<p>\u2013 Formations brumeuses et nuages bas matinaux et nocturnes sur les c\u00f4tes atlantiques.<\/p>\n<p>\u2013 Nuages bas denses avec bruines locales sur les c\u00f4tes Centre et le Nord des provinces Sud.<\/p>\n<p>\u2013 Temps stable et clair \u00e0 peu nuageux partout ailleurs.<\/p>\n<p>\u2013 Chasse-sables sur le Sud-Est, le Sud de l\u2019Oriental et les provinces Sud.<\/p>\n<p>\u2013 Vent mod\u00e9r\u00e9 \u00e0 assez fort de Nord sur le Sud et les c\u00f4tes Centre et de Sud sur le Sud-Est et le Sud de l\u2019Oriental et faible \u00e0 mod\u00e9r\u00e9 de Nord \u00e0 Ouest en g\u00e9n\u00e9ral ailleurs.<\/p>\n<p>\u2013 Temp\u00e9ratures minimales de l\u2019ordre de 22\/26\u00b0C sur le Sud-Est, de 10\/16\u00b0C sur les reliefs et de 16\/22\u00b0C ailleurs.<\/p>\n<p>\u2013 Temp\u00e9ratures maximales de l\u2019ordre de 38\/44\u00b0C sur le Sud-Est et l\u2019Est et le Sud des provinces sahariennes, de 35\/40\u00b0C sur les plaines \u00e0 l\u2019Ouest de l\u2019Atlas, l\u2019Oriental, le Saiss, les plateaux des Phosphates et d\u2019Oulm\u00e8s et l\u2019int\u00e9rieur des provinces Sud, de 30\/36\u00b0C sur les plaines atlantiques et les reliefs et de 23\/28\u00b0C pr\u00e8s des c\u00f4tes.<\/p>\n<p>\u2013 Mer belle \u00e0 peu agit\u00e9e sur la M\u00e9diterran\u00e9e, peu agit\u00e9e sur le D\u00e9troit et peu agit\u00e9e \u00e0 agit\u00e9e le long du littoral atlantique.<\/p>\n<p>The post <a rel=\"nofollow\" href=\"http:\/\/www.mapmarrakech.ma\/fr\/previsions-meteorologiques-pour-la-journee-du-vendredi-06-aout\/\">Pr\u00e9visions m\u00e9t\u00e9orologiques pour la journ\u00e9e du vendredi 06 ao\u00fbt<\/a> appeared first on <a rel=\"nofollow\" href=\"http:\/\/www.mapmarrakech.ma\/fr\">MapMarrakech<\/a>.<\/p>\n<\/div>\n<p>Auteur: Meriem IGASS<br \/>\n<a href=\"http:\/\/www.mapmarrakech.ma\/fr\/previsions-meteorologiques-pour-la-journee-du-vendredi-06-aout\/\">Cliquez ici pour lire l&rsquo;article depuis sa source.<\/a><\/p>\n","protected":false},"excerpt":{"rendered":"<p>\u2013 Temps assez chaud sur le Sud-Est, l\u2019Oriental et les plaines int\u00e9rieures. \u2013 Formations brumeuses et nuages bas matinaux et nocturnes sur les c\u00f4tes atlantiques. \u2013 Nuages bas denses avec bruines locales sur les c\u00f4tes Centre et le Nord des provinces Sud. \u2013 Temps stable et clair \u00e0 peu nuageux partout ailleurs. \u2013 Chasse-sables sur [&hellip;]<\/p>\n","protected":false},"author":1788,"featured_media":0,"comment_status":"closed","ping_status":"closed","sticky":false,"template":"","format":"standard","meta":{"fifu_image_url":"http:\/\/www.mapmarrakech.ma\/map\/uploads\/2021\/08\/soleil-2.jpg","fifu_image_alt":"Pr\u00e9visions m\u00e9t\u00e9orologiques pour la journ\u00e9e du vendredi 06 ao\u00fbt","footnotes":""},"categories":[54,76],"tags":[],"class_list":["post-123324","post","type-post","status-publish","format-standard","hentry","category-maroc","category-regions"],"_links":{"self":[{"href":"https:\/\/linitiative.ca\/International\/wp-json\/wp\/v2\/posts\/123324","targetHints":{"allow":["GET"]}}],"collection":[{"href":"https:\/\/linitiative.ca\/International\/wp-json\/wp\/v2\/posts"}],"about":[{"href":"https:\/\/linitiative.ca\/International\/wp-json\/wp\/v2\/types\/post"}],"author":[{"embeddable":true,"href":"https:\/\/linitiative.ca\/International\/wp-json\/wp\/v2\/users\/1788"}],"replies":[{"embeddable":true,"href":"https:\/\/linitiative.ca\/International\/wp-json\/wp\/v2\/comments?post=123324"}],"version-history":[{"count":0,"href":"https:\/\/linitiative.ca\/International\/wp-json\/wp\/v2\/posts\/123324\/revisions"}],"wp:attachment":[{"href":"https:\/\/linitiative.ca\/International\/wp-json\/wp\/v2\/media?parent=123324"}],"wp:term":[{"taxonomy":"category","embeddable":true,"href":"https:\/\/linitiative.ca\/International\/wp-json\/wp\/v2\/categories?post=123324"},{"taxonomy":"post_tag","embeddable":true,"href":"https:\/\/linitiative.ca\/International\/wp-json\/wp\/v2\/tags?post=123324"}],"curies":[{"name":"wp","href":"https:\/\/api.w.org\/{rel}","templated":true}]}}