{"id":123326,"date":"2021-08-05T08:58:00","date_gmt":"2021-08-05T12:58:00","guid":{"rendered":"https:\/\/linitiative.ca\/International\/installation-du-nouveau-president-du-tribunal-de-premiere-instance\/"},"modified":"2021-08-05T08:58:00","modified_gmt":"2021-08-05T12:58:00","slug":"installation-du-nouveau-president-du-tribunal-de-premiere-instance","status":"publish","type":"post","link":"https:\/\/linitiative.ca\/International\/installation-du-nouveau-president-du-tribunal-de-premiere-instance\/","title":{"rendered":"Installation du nouveau pr\u00e9sident du Tribunal de premi\u00e8re instance"},"content":{"rendered":"<div>\n<div style=\"margin-bottom:20px;\"><img loading=\"lazy\" decoding=\"async\" width=\"722\" height=\"430\" src=\"https:\/\/linitiative.ca\/International\/wp-content\/uploads\/sites\/23\/2021\/08\/tribunal.jpg\" class=\"attachment-post-thumbnail size-post-thumbnail wp-post-image\" alt=\"\" srcset=\"https:\/\/linitiative.ca\/International\/wp-content\/uploads\/sites\/23\/2021\/08\/tribunal.jpg 722w, http:\/\/www.mapmarrakech.ma\/map\/uploads\/2021\/08\/tribunal-300x179.jpg 300w\" sizes=\"auto, (max-width: 722px) 100vw, 722px\"><\/div>\n<p>La c\u00e9r\u00e9monie d\u2019installation s\u2019est d\u00e9roul\u00e9e en pr\u00e9sence notamment du procureur du Roi pr\u00e8s le Tribunal de premi\u00e8re instance, de responsables du minist\u00e8re de la Justice, du Conseil sup\u00e9rieur du pouvoir judiciaire ainsi que de plusieurs personnalit\u00e9s repr\u00e9sentant les professions judiciaires.<\/p>\n<p>A cette occasion, M. Limour s\u2019est dit honor\u00e9 par la confiance plac\u00e9e en lui par SM le Roi Mohammed VI, soulignant que la r\u00e9forme de la justice requiert la f\u00e9d\u00e9ration des efforts de toutes les composantes de la famille de la justice afin de mettre en \u0153uvre les objectifs strat\u00e9giques de ce chantier et consacrer l\u2019Etat de droit.<\/p>\n<p>Le responsable judiciaire a exprim\u00e9 sa d\u00e9termination \u00e0 \u0153uvrer selon une m\u00e9thodologie int\u00e9gr\u00e9e visant l\u2019am\u00e9lioration des conditions d\u2019accueil des justiciables et la consolidation de l\u2019efficacit\u00e9 de la performance judiciaire dans l\u2019esprit des directives du Conseil sup\u00e9rieur du pouvoir judiciaire relatives \u00e0 la num\u00e9risation et la modernisation des tribunaux.<\/p>\n<p>Par ailleurs, une c\u00e9r\u00e9monie a \u00e9t\u00e9 organis\u00e9e en l\u2019honneur de l\u2019ancien pr\u00e9sident du Tribunal de premi\u00e8re instance, M. Mohamed Chatoui, au cours de laquelle ses diverses qualit\u00e9s humaines et professionnelles ont \u00e9t\u00e9 mises en avant.<\/p>\n<p>Sa Majest\u00e9 le Roi Mohammed VI, Pr\u00e9sident du Conseil sup\u00e9rieur du pouvoir judiciaire, avait donn\u00e9 Son approbation Royale pour la nomination de responsables judiciaires dans plusieurs juridictions du Royaume.<\/p>\n<p>Ces nominations concernent 104 fonctions de responsabilit\u00e9 judiciaire, soit 46,22% de l\u2019ensemble des responsabilit\u00e9s judiciaires.<\/p>\n<p>The post <a rel=\"nofollow\" href=\"http:\/\/www.mapmarrakech.ma\/fr\/installation-du-nouveau-president-du-tribunal-de-premiere-instance\/\">Installation du nouveau pr\u00e9sident du Tribunal de premi\u00e8re instance<\/a> appeared first on <a rel=\"nofollow\" href=\"http:\/\/www.mapmarrakech.ma\/fr\">MapMarrakech<\/a>.<\/p>\n<\/div>\n<p>Auteur: Meriem IGASS<br \/>\n<a href=\"http:\/\/www.mapmarrakech.ma\/fr\/installation-du-nouveau-president-du-tribunal-de-premiere-instance\/\">Cliquez ici pour lire l&rsquo;article depuis sa source.<\/a><\/p>\n","protected":false},"excerpt":{"rendered":"<p>La c\u00e9r\u00e9monie d\u2019installation s\u2019est d\u00e9roul\u00e9e en pr\u00e9sence notamment du procureur du Roi pr\u00e8s le Tribunal de premi\u00e8re instance, de responsables du minist\u00e8re de la Justice, du Conseil sup\u00e9rieur du pouvoir judiciaire ainsi que de plusieurs personnalit\u00e9s repr\u00e9sentant les professions judiciaires. A cette occasion, M. Limour s\u2019est dit honor\u00e9 par la confiance plac\u00e9e en lui par [&hellip;]<\/p>\n","protected":false},"author":1788,"featured_media":0,"comment_status":"closed","ping_status":"closed","sticky":false,"template":"","format":"standard","meta":{"fifu_image_url":"http:\/\/www.mapmarrakech.ma\/map\/uploads\/2021\/08\/tribunal.jpg","fifu_image_alt":"Installation du nouveau pr\u00e9sident du Tribunal de premi\u00e8re instance","footnotes":""},"categories":[54,76],"tags":[],"class_list":["post-123326","post","type-post","status-publish","format-standard","hentry","category-maroc","category-regions"],"_links":{"self":[{"href":"https:\/\/linitiative.ca\/International\/wp-json\/wp\/v2\/posts\/123326","targetHints":{"allow":["GET"]}}],"collection":[{"href":"https:\/\/linitiative.ca\/International\/wp-json\/wp\/v2\/posts"}],"about":[{"href":"https:\/\/linitiative.ca\/International\/wp-json\/wp\/v2\/types\/post"}],"author":[{"embeddable":true,"href":"https:\/\/linitiative.ca\/International\/wp-json\/wp\/v2\/users\/1788"}],"replies":[{"embeddable":true,"href":"https:\/\/linitiative.ca\/International\/wp-json\/wp\/v2\/comments?post=123326"}],"version-history":[{"count":0,"href":"https:\/\/linitiative.ca\/International\/wp-json\/wp\/v2\/posts\/123326\/revisions"}],"wp:attachment":[{"href":"https:\/\/linitiative.ca\/International\/wp-json\/wp\/v2\/media?parent=123326"}],"wp:term":[{"taxonomy":"category","embeddable":true,"href":"https:\/\/linitiative.ca\/International\/wp-json\/wp\/v2\/categories?post=123326"},{"taxonomy":"post_tag","embeddable":true,"href":"https:\/\/linitiative.ca\/International\/wp-json\/wp\/v2\/tags?post=123326"}],"curies":[{"name":"wp","href":"https:\/\/api.w.org\/{rel}","templated":true}]}}