{"id":123328,"date":"2021-08-05T09:08:57","date_gmt":"2021-08-05T13:08:57","guid":{"rendered":"https:\/\/linitiative.ca\/International\/le-legendaire-gardien-de-but-ahmed-belkorchi-nest-plus\/"},"modified":"2021-08-05T09:08:57","modified_gmt":"2021-08-05T13:08:57","slug":"le-legendaire-gardien-de-but-ahmed-belkorchi-nest-plus","status":"publish","type":"post","link":"https:\/\/linitiative.ca\/International\/le-legendaire-gardien-de-but-ahmed-belkorchi-nest-plus\/","title":{"rendered":"Le l\u00e9gendaire gardien de but Ahmed Belkorchi n\u2019est plus"},"content":{"rendered":"<div>\n<div style=\"margin-bottom:20px;\"><img loading=\"lazy\" decoding=\"async\" width=\"750\" height=\"430\" src=\"https:\/\/linitiative.ca\/International\/wp-content\/uploads\/sites\/23\/2021\/08\/kacmtenueblanche-rouge-copier-2.jpg\" class=\"attachment-post-thumbnail size-post-thumbnail wp-post-image\" alt=\"\" srcset=\"https:\/\/linitiative.ca\/International\/wp-content\/uploads\/sites\/23\/2021\/08\/kacmtenueblanche-rouge-copier-2.jpg 750w, http:\/\/www.mapmarrakech.ma\/map\/uploads\/2020\/12\/kacmtenueblanche-rouge-copier-2-300x172.jpg 300w\" sizes=\"auto, (max-width: 750px) 100vw, 750px\"><\/div>\n<p>Le d\u00e9funt f\u00fbt l\u2019un des meilleurs joueurs ayant port\u00e9 les couleurs des maillots du KACM et de la s\u00e9lection nationale dans les ann\u00e9es 1970, notamment lors des phases finales de la CAN 1972 au Cameroun et la Coupe du monde 1974 \u00e0 Munich.<\/p>\n<p>Il s\u2019\u00e9tait distingu\u00e9 \u00e9galement durant les Olympiades de 1972 \u00e0 Munich, jusqu\u2019aux \u00e9liminatoires de la CAN en 1996.<\/p>\n<p>N\u00e9 en 1952 \u00e0 Derb Dhabashi d\u2019une famille marrakchie, Chaoui a rejoint la KACM \u00e0 l\u2019\u00e2ge de treize ans, avant de porter le maillot de l\u2019\u00e9quipe nationale au sein de la g\u00e9n\u00e9ration des Becho, Perses, Khalifa, Zahrawi, Boudjemaa, Cala\u2026.<\/p>\n<p>The post <a rel=\"nofollow\" href=\"http:\/\/www.mapmarrakech.ma\/fr\/le-legendaire-gardien-de-but-ahmed-belkorchi-nest-plus\/\">Le l\u00e9gendaire gardien de but Ahmed Belkorchi n\u2019est plus<\/a> appeared first on <a rel=\"nofollow\" href=\"http:\/\/www.mapmarrakech.ma\/fr\">MapMarrakech<\/a>.<\/p>\n<\/div>\n<p>Auteur: Meriem IGASS<br \/>\n<a href=\"http:\/\/www.mapmarrakech.ma\/fr\/le-legendaire-gardien-de-but-ahmed-belkorchi-nest-plus\/\">Cliquez ici pour lire l&rsquo;article depuis sa source.<\/a><\/p>\n","protected":false},"excerpt":{"rendered":"<p>Le d\u00e9funt f\u00fbt l\u2019un des meilleurs joueurs ayant port\u00e9 les couleurs des maillots du KACM et de la s\u00e9lection nationale dans les ann\u00e9es 1970, notamment lors des phases finales de la CAN 1972 au Cameroun et la Coupe du monde 1974 \u00e0 Munich. Il s\u2019\u00e9tait distingu\u00e9 \u00e9galement durant les Olympiades de 1972 \u00e0 Munich, jusqu\u2019aux [&hellip;]<\/p>\n","protected":false},"author":1788,"featured_media":0,"comment_status":"closed","ping_status":"closed","sticky":false,"template":"","format":"standard","meta":{"fifu_image_url":"http:\/\/www.mapmarrakech.ma\/map\/uploads\/2020\/12\/kacmtenueblanche-rouge-copier-2.jpg","fifu_image_alt":"Le l\u00e9gendaire gardien de but Ahmed Belkorchi n\u2019est plus","footnotes":""},"categories":[54,76],"tags":[],"class_list":["post-123328","post","type-post","status-publish","format-standard","hentry","category-maroc","category-regions"],"_links":{"self":[{"href":"https:\/\/linitiative.ca\/International\/wp-json\/wp\/v2\/posts\/123328","targetHints":{"allow":["GET"]}}],"collection":[{"href":"https:\/\/linitiative.ca\/International\/wp-json\/wp\/v2\/posts"}],"about":[{"href":"https:\/\/linitiative.ca\/International\/wp-json\/wp\/v2\/types\/post"}],"author":[{"embeddable":true,"href":"https:\/\/linitiative.ca\/International\/wp-json\/wp\/v2\/users\/1788"}],"replies":[{"embeddable":true,"href":"https:\/\/linitiative.ca\/International\/wp-json\/wp\/v2\/comments?post=123328"}],"version-history":[{"count":0,"href":"https:\/\/linitiative.ca\/International\/wp-json\/wp\/v2\/posts\/123328\/revisions"}],"wp:attachment":[{"href":"https:\/\/linitiative.ca\/International\/wp-json\/wp\/v2\/media?parent=123328"}],"wp:term":[{"taxonomy":"category","embeddable":true,"href":"https:\/\/linitiative.ca\/International\/wp-json\/wp\/v2\/categories?post=123328"},{"taxonomy":"post_tag","embeddable":true,"href":"https:\/\/linitiative.ca\/International\/wp-json\/wp\/v2\/tags?post=123328"}],"curies":[{"name":"wp","href":"https:\/\/api.w.org\/{rel}","templated":true}]}}