{"id":12333,"date":"2019-02-08T15:13:58","date_gmt":"2019-02-08T20:13:58","guid":{"rendered":"https:\/\/linitiative.ca\/International\/ligue-1-2-jsk-oukaci-on-se-concentre-sur-le-clasico\/"},"modified":"2019-02-08T15:13:58","modified_gmt":"2019-02-08T20:13:58","slug":"ligue-1-2-jsk-oukaci-on-se-concentre-sur-le-clasico","status":"publish","type":"post","link":"https:\/\/linitiative.ca\/International\/ligue-1-2-jsk-oukaci-on-se-concentre-sur-le-clasico\/","title":{"rendered":"Ligue 1 &amp; 2 : JSK : Oukaci : \u00abOn se concentre sur le Clasico\u00bb"},"content":{"rendered":"<div readability=\"32\">\n<p>Auteur : <span>Ly\u00e8s Aouiche<\/span> <span class=\"time\">vendredi 08 f\u00e9vrier 2019 12:25<\/span><\/p>\n<\/div>\n<div id=\"post_core\" readability=\"66\">\n<p>A 24 heures du Clasico JSK-MCA, la concentration va crescendo au sein de l\u2019effectif kabyle qui est appel\u00e9 \u00e0 en d\u00e9coudre avec un s\u00e9rieux concurrent pour la deuxi\u00e8me place, en l\u2019occurrence le Mouloudia d\u2019Alger. La victoire de ce dernier face \u00e0 l\u2019OM a bel et bien relanc\u00e9 la concurrence en haut du tableau, la raison pour laquelle les Canaris se retrouvent dans l\u2019obligation de gagner ce samedi pour consolider leur position de dauphin. L\u2019ambiance est sereine aux entra\u00eenements et le groupe de Dumas est pr\u00eat pour ce rendez-vous. Hier matin, \u00e0 l\u2019issue des exercices, le jeune Juba Oukaci qui a rat\u00e9 les deux derniers matchs, s\u2019est exprim\u00e9 sur le canal officiel du club en revenant justement sur cette confrontation au cachet particulier : \u00ab Comme vous le savez, nous sommes d\u00e9\u00e7us du score de la pr\u00e9c\u00e9dente rencontre pour bonifier notre capital points suite \u00e0 notre d\u00e9faite am\u00e8re devant la formation du PAC. Nous aurions pu faire mieux. A mon avis, il faut oublier vite cette d\u00e9faite et penser \u00e0 ce match face au MCA, \u00e9galement important, et d\u2019ailleurs on est tr\u00e8s concentr\u00e9s sur cette rencontre. Nous voulons nous racheter. \u00bb<br \/><strong>\u00abNotre objectif, assurer la victoire\u00bb<\/strong><br \/>Impatient de retrouver la comp\u00e9tition, le natif de Fr\u00e9ha assure qu\u2019il est pr\u00eat \u00e0 reprendre sa place dans le onze ce samedi. Il a soulign\u00e9 que l\u2019\u00e9quipe a pr\u00e9par\u00e9 le match dans d\u2019excellentes conditions et que tous les joueurs sont motiv\u00e9s \u00e0 empocher les trois points : \u00ab Certes le match sera difficile contre le MCA qui reste sur une victoire. Ce match est sp\u00e9cial, qui drainera assur\u00e9ment la grande foule et nous esp\u00e9rons qu\u2019il va tenir toutes ses promesses. Notre seul objectif est de r\u00e9aliser une bonne performance, en d\u2019autres termes, arracher une victoire. \u00bb<br \/><strong>\u00abLa d\u00e9faite du PAC fait partie du pass\u00e9\u00bb<\/strong><br \/>Avec du recul, le jeune Oukaci est revenu sur la derni\u00e8re d\u00e9faite conc\u00e9d\u00e9e face au PAC sur le score de deux buts \u00e0 z\u00e9ro en d\u00e9clarant ceci : \u00ab La d\u00e9faite face au PAC est rest\u00e9e en travers de la gorge. Nous \u00e9tions arm\u00e9s d\u2019une bonne volont\u00e9 pour revenir de Bologhine avec un r\u00e9sultat positif. On a r\u00e9alis\u00e9 une bonne premi\u00e8re mi-temps, h\u00e9las \u00e0 la seconde p\u00e9riode on a fl\u00e9chi, et je n\u2019arrive pas \u00e0 expliquer cet \u00e9chec. C\u2019est une d\u00e9faite am\u00e8re, mais qui ne doit pas nous faire baisser les bras et nous faire oublier l\u2019essentiel. Il reste encore des matchs, il faut rester solide et solidaires pour se rattraper. \u00bb<br \/><strong>\u00abL\u2019ASAM a jou\u00e9 derri\u00e8re\u00bb<\/strong><br \/>A propos de la contre-performance \u00e0 domicile face \u00e0 l\u2019AS A\u00efn M\u2019lila, ce joueur a \u00e9galement livr\u00e9 son point de vue en soulignant que l\u2019\u00e9quipe adverse est venue \u00e0 Tizi Ouzou avec l\u2019intention de repartir avec le match nul, vu sa strat\u00e9gie d\u00e9velopp\u00e9e en cours du match : \u00ab L\u2019ASAM est venue \u00e0 Tizi pour jouer la d\u00e9fense. Ils se sont repli\u00e9s derri\u00e8re depuis l\u2019entame de la partie pour nous priver de marquer. Beaucoup vont certainement venir avec les m\u00eames intentions \u00e0 l\u2019avenir, mais \u00e0 nous justement de trouver la faille pour garder les points chez nous. \u00bb<br \/><strong>\u00abJe suis pr\u00eat si le coach me sollicite\u00bb<\/strong><br \/>Avec la suspension de Benkhalifa pour un match ferme, Oukaci est probablement le mieux indiqu\u00e9 pour le remplacer demain soir face au MCA. A la question de savoir s\u2019il est pr\u00eat \u00e0 renouer avec la comp\u00e9tition, le joueur a r\u00e9pondu : \u00ab Je suis toujours pr\u00eat pour la comp\u00e9tition. Je travaille d\u2019arrache-pied aux entra\u00eenements pour \u00eatre en forme le jour du match. Si le driver d\u00e9cide de m\u2019aligner, je rassure que je suis pr\u00eat et je t\u00e2cherai de me donner \u00e0 fond pour \u00eatre \u00e0 la hauteur. \u00bb<br \/><strong>\u00abNous allons tout faire pour redonner le sourire \u00e0 nos fans\u00bb<\/strong><br \/>Le Clasico JSK-MCA constitue in\u00e9luctablement l\u2019affiche de la 21e journ\u00e9e du championnat. Les retrouvailles entre les deux clubs vont avoir lieu dans un contexte assez serein et les deux clubs chercheront chacun \u00e0 gagner les trois points pour augmenter leurs chances de finir la comp\u00e9tition sur le podium. Le match se jouera \u00e0 guichets ferm\u00e9s et l\u2019on s\u2019attend \u00e0 une pr\u00e9sence record des supporters au stade du 1er-Novembre. A propos des supporters, Oukaci ajoute : \u00ab Nous lan\u00e7ons un appel \u00e0 nos fans de venir en force ce samedi pour nous encourager et nous aider \u00e0 remporter les trois points. Je comprends leur d\u00e9ception suite \u00e0 la d\u00e9faite face au PAC, mais ils resteront toujours mobilis\u00e9s derri\u00e8re nous pour nous inciter \u00e0 am\u00e9liorer nos r\u00e9sultats \u00e0 l\u2019avenir. Je sais qu\u2019ils seront nombreux ce samedi, on leur promet de tout donner sur le terrain pour garder les trois points \u00e0 Tizi. \u00bb<\/p>\n<p><strong>Publi\u00e9 dans :<\/strong> <span>JSK<\/span> <span>MCA.<\/span> <span>Bologhine<\/span> <span>PAC<\/span> <span>Oukaci<\/span><\/p>\n<\/div>\n","protected":false},"excerpt":{"rendered":"<p>Auteur : Ly\u00e8s Aouiche vendredi 08 f\u00e9vrier 2019 12:25 A 24 heures du Clasico JSK-MCA, la concentration va crescendo au sein de l\u2019effectif kabyle qui est appel\u00e9 \u00e0 en d\u00e9coudre avec un s\u00e9rieux concurrent pour la deuxi\u00e8me place, en l\u2019occurrence le Mouloudia d\u2019Alger. La victoire de ce dernier face \u00e0 l\u2019OM a bel et bien [&hellip;]<\/p>\n","protected":false},"author":1738,"featured_media":12334,"comment_status":"closed","ping_status":"closed","sticky":false,"template":"","format":"standard","meta":{"fifu_image_url":"","fifu_image_alt":"","footnotes":""},"categories":[53,75],"tags":[],"class_list":["post-12333","post","type-post","status-publish","format-standard","has-post-thumbnail","hentry","category-algerie","category-sport"],"_links":{"self":[{"href":"https:\/\/linitiative.ca\/International\/wp-json\/wp\/v2\/posts\/12333","targetHints":{"allow":["GET"]}}],"collection":[{"href":"https:\/\/linitiative.ca\/International\/wp-json\/wp\/v2\/posts"}],"about":[{"href":"https:\/\/linitiative.ca\/International\/wp-json\/wp\/v2\/types\/post"}],"author":[{"embeddable":true,"href":"https:\/\/linitiative.ca\/International\/wp-json\/wp\/v2\/users\/1738"}],"replies":[{"embeddable":true,"href":"https:\/\/linitiative.ca\/International\/wp-json\/wp\/v2\/comments?post=12333"}],"version-history":[{"count":0,"href":"https:\/\/linitiative.ca\/International\/wp-json\/wp\/v2\/posts\/12333\/revisions"}],"wp:featuredmedia":[{"embeddable":true,"href":"https:\/\/linitiative.ca\/International\/wp-json\/"}],"wp:attachment":[{"href":"https:\/\/linitiative.ca\/International\/wp-json\/wp\/v2\/media?parent=12333"}],"wp:term":[{"taxonomy":"category","embeddable":true,"href":"https:\/\/linitiative.ca\/International\/wp-json\/wp\/v2\/categories?post=12333"},{"taxonomy":"post_tag","embeddable":true,"href":"https:\/\/linitiative.ca\/International\/wp-json\/wp\/v2\/tags?post=12333"}],"curies":[{"name":"wp","href":"https:\/\/api.w.org\/{rel}","templated":true}]}}