{"id":123334,"date":"2021-08-04T13:02:03","date_gmt":"2021-08-04T17:02:03","guid":{"rendered":"https:\/\/linitiative.ca\/International\/baisse-de-1-de-lipc-en-juin-dernier\/"},"modified":"2021-08-04T13:02:03","modified_gmt":"2021-08-04T17:02:03","slug":"baisse-de-1-de-lipc-en-juin-dernier","status":"publish","type":"post","link":"https:\/\/linitiative.ca\/International\/baisse-de-1-de-lipc-en-juin-dernier\/","title":{"rendered":"Baisse de 1 % de l\u2019IPC en juin dernier"},"content":{"rendered":"<div>\n<div style=\"margin-bottom:20px;\"><img loading=\"lazy\" decoding=\"async\" width=\"750\" height=\"430\" src=\"https:\/\/linitiative.ca\/International\/wp-content\/uploads\/sites\/23\/2021\/08\/La-situation-des-marchC3A8s-au-Ramadan-M750C397430-MAP.jpg\" class=\"attachment-post-thumbnail size-post-thumbnail wp-post-image\" alt=\"\" srcset=\"https:\/\/linitiative.ca\/International\/wp-content\/uploads\/sites\/23\/2021\/08\/La-situation-des-marchC3A8s-au-Ramadan-M750C397430-MAP.jpg 750w, http:\/\/www.mapoujda.ma\/map\/uploads\/2021\/05\/La-situation-des-march\u00e8s-au-Ramadan-M750\u00d7430-MAP-300x172.jpg 300w\" sizes=\"auto, (max-width: 750px) 100vw, 750px\"><\/div>\n<p>L\u2019indice des prix \u00e0 la consommation (IPC) de la ville d\u2019Oujda a connu, au cours du mois de juin 2021, une baisse de 1,0% par rapport au mois pr\u00e9c\u00e9dent.<\/p>\n<p>Cette variation est le r\u00e9sultat de la baisse de l\u2019indice des produits alimentaires de 2,8% et de la hausse de l\u2019indice des produits non alimentaires de 0,3%, indique une note de la Direction r\u00e9gionale de l\u2019Oriental du Haut-Commissariat au Plan.<\/p>\n<p>Les baisses des prix des produits alimentaires observ\u00e9es entre mai et juin 2021 concernent principalement les \u00abPoissons et fruits de mer\u00bb avec 11,1 %, les \u00abL\u00e9gumes\u00bb avec 10,3%, les \u00abFruits\u00bb avec 9,1%, le \u00abLait, Fromage et \u0152ufs \u00bb avec 1,6% et le \u00abCaf\u00e9, Th\u00e9 et Cacao\u00bb avec 0,4 %.<\/p>\n<p>En revanche, les prix ont augment\u00e9 de 2,2% pour les \u00abHuiles et graisses\u00bb, de 1,3% pour les \u00abEaux Min\u00e9rales, Boissons Rafraichissantes, Jus de Fruits et de L\u00e9gumes\u00bb, de 0,4% pour le \u00abSucre, Confiture, Miel, Chocolat et Confiseries\u00bb et de 0,2% pour le \u00abPain et C\u00e9r\u00e9ales\u00bb.<\/p>\n<p>La hausse des prix des produits non alimentaires a concern\u00e9 essentiellement les prix des \u00abcarburants et lubrifiants pour v\u00e9hicules de tourisme\u00bb avec 1,4 %.<\/p>\n<p>Compar\u00e9 au m\u00eame mois de l\u2019ann\u00e9e pr\u00e9c\u00e9dente, l\u2019IPC a enregistr\u00e9 une hausse de 0,9% au cours du mois de juin 2021. Ceci est le r\u00e9sultat de la hausse de l\u2019indice des produits non alimentaires de 1,8% et de la baisse de l\u2019indice des produits alimentaires de 0,5%.<\/p>\n<p>La baisse de l\u2019indice des produits alimentaires provient de la baisse des prix des \u00abProduits alimentaires et boissons non alcoolis\u00e9es\u00bb de 0,8% et de la hausse des prix des \u00abBoissons alcoolis\u00e9es et tabac\u00bb de 4,3%.<\/p>\n<p>Pour les produits non alimentaires, les variations vont d\u2019une baisse de 0,6% pour la \u00abSant\u00e9\u00bb \u00e0 une hausse de 9,8% pour le \u00abTransport\u00bb.<\/p>\n<p>Concernant les six premiers mois de l\u2019ann\u00e9e 2021, l\u2019IPC a connu une hausse de 0,5% par rapport \u00e0 la m\u00eame p\u00e9riode de l\u2019ann\u00e9e pr\u00e9c\u00e9dente, due \u00e0 la baisse de l\u2019indice des prix des produits alimentaires de 0,2% et \u00e0 la hausse de l\u2019indice des prix des produits non alimentaires de 1,0%.<\/p>\n<p>L\u2019article <a rel=\"nofollow\" href=\"http:\/\/www.mapoujda.ma\/fr\/baisse-de-1-de-lipc-en-juin-dernier\/\">Baisse de 1 % de l\u2019IPC en juin dernier<\/a> est apparu en premier sur <a rel=\"nofollow\" href=\"http:\/\/www.mapoujda.ma\/fr\">MapOujda<\/a>.<\/p>\n<\/div>\n<p>Auteur: Ismail Bahhane<br \/>\n<a href=\"http:\/\/www.mapoujda.ma\/fr\/baisse-de-1-de-lipc-en-juin-dernier\/\">Cliquez ici pour lire l&rsquo;article depuis sa source.<\/a><\/p>\n","protected":false},"excerpt":{"rendered":"<p>L\u2019indice des prix \u00e0 la consommation (IPC) de la ville d\u2019Oujda a connu, au cours du mois de juin 2021, une baisse de 1,0% par rapport au mois pr\u00e9c\u00e9dent. Cette variation est le r\u00e9sultat de la baisse de l\u2019indice des produits alimentaires de 2,8% et de la hausse de l\u2019indice des produits non alimentaires de [&hellip;]<\/p>\n","protected":false},"author":1788,"featured_media":0,"comment_status":"closed","ping_status":"closed","sticky":false,"template":"","format":"standard","meta":{"fifu_image_url":"http:\/\/www.mapoujda.ma\/map\/uploads\/2021\/05\/La-situation-des-march\u00e8s-au-Ramadan-M750\u00d7430-MAP.jpg","fifu_image_alt":"Baisse de 1 % de l\u2019IPC en juin dernier","footnotes":""},"categories":[54,76],"tags":[],"class_list":["post-123334","post","type-post","status-publish","format-standard","hentry","category-maroc","category-regions"],"_links":{"self":[{"href":"https:\/\/linitiative.ca\/International\/wp-json\/wp\/v2\/posts\/123334","targetHints":{"allow":["GET"]}}],"collection":[{"href":"https:\/\/linitiative.ca\/International\/wp-json\/wp\/v2\/posts"}],"about":[{"href":"https:\/\/linitiative.ca\/International\/wp-json\/wp\/v2\/types\/post"}],"author":[{"embeddable":true,"href":"https:\/\/linitiative.ca\/International\/wp-json\/wp\/v2\/users\/1788"}],"replies":[{"embeddable":true,"href":"https:\/\/linitiative.ca\/International\/wp-json\/wp\/v2\/comments?post=123334"}],"version-history":[{"count":0,"href":"https:\/\/linitiative.ca\/International\/wp-json\/wp\/v2\/posts\/123334\/revisions"}],"wp:attachment":[{"href":"https:\/\/linitiative.ca\/International\/wp-json\/wp\/v2\/media?parent=123334"}],"wp:term":[{"taxonomy":"category","embeddable":true,"href":"https:\/\/linitiative.ca\/International\/wp-json\/wp\/v2\/categories?post=123334"},{"taxonomy":"post_tag","embeddable":true,"href":"https:\/\/linitiative.ca\/International\/wp-json\/wp\/v2\/tags?post=123334"}],"curies":[{"name":"wp","href":"https:\/\/api.w.org\/{rel}","templated":true}]}}