{"id":123336,"date":"2021-08-05T07:59:45","date_gmt":"2021-08-05T11:59:45","guid":{"rendered":"https:\/\/linitiative.ca\/International\/report-de-la-9eme-edition-du-festival-international-cinema-et-immigration-doujda\/"},"modified":"2021-08-05T07:59:45","modified_gmt":"2021-08-05T11:59:45","slug":"report-de-la-9eme-edition-du-festival-international-cinema-et-immigration-doujda","status":"publish","type":"post","link":"https:\/\/linitiative.ca\/International\/report-de-la-9eme-edition-du-festival-international-cinema-et-immigration-doujda\/","title":{"rendered":"Report de la 9\u00e8me \u00e9dition du Festival international cin\u00e9ma et immigration d\u2019Oujda"},"content":{"rendered":"<div>\n<div style=\"margin-bottom:20px;\"><img loading=\"lazy\" decoding=\"async\" width=\"750\" height=\"430\" src=\"https:\/\/linitiative.ca\/International\/wp-content\/uploads\/sites\/23\/2021\/08\/productions_cinC3A9matographiques1.jpg\" class=\"attachment-post-thumbnail size-post-thumbnail wp-post-image\" alt=\"\" srcset=\"https:\/\/linitiative.ca\/International\/wp-content\/uploads\/sites\/23\/2021\/08\/productions_cinC3A9matographiques1.jpg 750w, http:\/\/www.mapoujda.ma\/map\/uploads\/2021\/08\/productions_cin\u00e9matographiques1-300x172.jpg 300w\" sizes=\"auto, (max-width: 750px) 100vw, 750px\"><\/div>\n<p>La 9\u00e8me \u00e9dition du Festival international cin\u00e9ma et immigration d\u2019Oujda, pr\u00e9vue initialement du 14 au 18 ao\u00fbt courant, a \u00e9t\u00e9 report\u00e9e \u00e0 une date ult\u00e9rieure, ont indiqu\u00e9 jeudi les organisateurs dans un communiqu\u00e9.<\/p>\n<p>L\u2019Association solidarit\u00e9 pour le d\u00e9veloppement et l\u2019immigration, organisatrice du festival, a d\u00e9cid\u00e9 de reporter la 9\u00e8me \u00e9dition de cette manifestation culturelle jusqu\u2019\u00e0 l\u2019am\u00e9lioration de la situation \u00e9pid\u00e9miologique au Maroc, a pr\u00e9cis\u00e9 le communiqu\u00e9.<\/p>\n<p>Plac\u00e9e sous le th\u00e8me \u00abLe r\u00f4le du cin\u00e9ma dans le renforcement de la s\u00e9curit\u00e9 culturelle des soci\u00e9t\u00e9s\u00bb, cette \u00e9dition devait se d\u00e9rouler au Th\u00e9\u00e2tre Mohammed VI d\u2019Oujda avec au programme une comp\u00e9tition officielle des films participants et plusieurs activit\u00e9s culturelles et cin\u00e9matographiques.<\/p>\n<p>L\u2019article <a rel=\"nofollow\" href=\"http:\/\/www.mapoujda.ma\/fr\/report-de-la-9eme-edition-du-festival-international-cinema-et-immigration-doujda\/\">Report de la 9\u00e8me \u00e9dition du Festival international cin\u00e9ma et immigration d\u2019Oujda<\/a> est apparu en premier sur <a rel=\"nofollow\" href=\"http:\/\/www.mapoujda.ma\/fr\">MapOujda<\/a>.<\/p>\n<\/div>\n<p>Auteur: Ismail Bahhane<br \/>\n<a href=\"http:\/\/www.mapoujda.ma\/fr\/report-de-la-9eme-edition-du-festival-international-cinema-et-immigration-doujda\/\">Cliquez ici pour lire l&rsquo;article depuis sa source.<\/a><\/p>\n","protected":false},"excerpt":{"rendered":"<p>La 9\u00e8me \u00e9dition du Festival international cin\u00e9ma et immigration d\u2019Oujda, pr\u00e9vue initialement du 14 au 18 ao\u00fbt courant, a \u00e9t\u00e9 report\u00e9e \u00e0 une date ult\u00e9rieure, ont indiqu\u00e9 jeudi les organisateurs dans un communiqu\u00e9. L\u2019Association solidarit\u00e9 pour le d\u00e9veloppement et l\u2019immigration, organisatrice du festival, a d\u00e9cid\u00e9 de reporter la 9\u00e8me \u00e9dition de cette manifestation culturelle jusqu\u2019\u00e0 [&hellip;]<\/p>\n","protected":false},"author":1788,"featured_media":0,"comment_status":"closed","ping_status":"closed","sticky":false,"template":"","format":"standard","meta":{"fifu_image_url":"http:\/\/www.mapoujda.ma\/map\/uploads\/2021\/08\/productions_cin\u00e9matographiques1.jpg","fifu_image_alt":"Report de la 9\u00e8me \u00e9dition du Festival international cin\u00e9ma et immigration d\u2019Oujda","footnotes":""},"categories":[54,76],"tags":[],"class_list":["post-123336","post","type-post","status-publish","format-standard","hentry","category-maroc","category-regions"],"_links":{"self":[{"href":"https:\/\/linitiative.ca\/International\/wp-json\/wp\/v2\/posts\/123336","targetHints":{"allow":["GET"]}}],"collection":[{"href":"https:\/\/linitiative.ca\/International\/wp-json\/wp\/v2\/posts"}],"about":[{"href":"https:\/\/linitiative.ca\/International\/wp-json\/wp\/v2\/types\/post"}],"author":[{"embeddable":true,"href":"https:\/\/linitiative.ca\/International\/wp-json\/wp\/v2\/users\/1788"}],"replies":[{"embeddable":true,"href":"https:\/\/linitiative.ca\/International\/wp-json\/wp\/v2\/comments?post=123336"}],"version-history":[{"count":0,"href":"https:\/\/linitiative.ca\/International\/wp-json\/wp\/v2\/posts\/123336\/revisions"}],"wp:attachment":[{"href":"https:\/\/linitiative.ca\/International\/wp-json\/wp\/v2\/media?parent=123336"}],"wp:term":[{"taxonomy":"category","embeddable":true,"href":"https:\/\/linitiative.ca\/International\/wp-json\/wp\/v2\/categories?post=123336"},{"taxonomy":"post_tag","embeddable":true,"href":"https:\/\/linitiative.ca\/International\/wp-json\/wp\/v2\/tags?post=123336"}],"curies":[{"name":"wp","href":"https:\/\/api.w.org\/{rel}","templated":true}]}}