{"id":123349,"date":"2021-08-05T14:25:00","date_gmt":"2021-08-05T18:25:00","guid":{"rendered":"https:\/\/linitiative.ca\/International\/fc-barcelone-messi-ne-prolonge-pas-officiel\/"},"modified":"2021-08-05T14:25:00","modified_gmt":"2021-08-05T18:25:00","slug":"fc-barcelone-messi-ne-prolonge-pas-officiel","status":"publish","type":"post","link":"https:\/\/linitiative.ca\/International\/fc-barcelone-messi-ne-prolonge-pas-officiel\/","title":{"rendered":"FC Barcelone: Messi ne prolonge pas (officiel)"},"content":{"rendered":"<div>Le Bar\u00e7a tient \u00e0 remercier de tout c\u0153ur le joueur pour sa contribution \u00e0 la valorisation de l&rsquo;institution et lui souhaite le meilleur dans sa vie personnelle et professionnelle&#8230;<img loading=\"lazy\" decoding=\"async\" src=\"http:\/\/feeds.feedburner.com\/~r\/GalerieFArtciles\/~4\/IQ9InWpndfc\" height=\"1\" width=\"1\" alt=\"\"><\/div>\n<p>Auteur:<br \/>\n<a href=\"http:\/\/www.lebuteur.com\/article\/detail?titre=fc-barcelone-messi-ne-prolonge-pas-officiel&#038;id=100772&#038;utm_source=feedburner&#038;utm_medium=feed&#038;utm_campaign=Feed%3A+GalerieFArtciles+%28Les+derniers+articles++-+lebuteur.com%29\">Cliquez ici pour lire l&rsquo;article depuis sa source.<\/a><\/p>\n","protected":false},"excerpt":{"rendered":"<p>Le Bar\u00e7a tient \u00e0 remercier de tout c\u0153ur le joueur pour sa contribution \u00e0 la valorisation de l&rsquo;institution et lui souhaite le meilleur dans sa vie personnelle et professionnelle&#8230; Auteur: Cliquez ici pour lire l&rsquo;article depuis sa source.<\/p>\n","protected":false},"author":1738,"featured_media":0,"comment_status":"closed","ping_status":"closed","sticky":false,"template":"","format":"standard","meta":{"fifu_image_url":"http:\/\/feeds.feedburner.com\/~r\/GalerieFArtciles\/~4\/IQ9InWpndfc","fifu_image_alt":"FC Barcelone: Messi ne prolonge pas (officiel)","footnotes":""},"categories":[53,75],"tags":[],"class_list":["post-123349","post","type-post","status-publish","format-standard","hentry","category-algerie","category-sport"],"_links":{"self":[{"href":"https:\/\/linitiative.ca\/International\/wp-json\/wp\/v2\/posts\/123349","targetHints":{"allow":["GET"]}}],"collection":[{"href":"https:\/\/linitiative.ca\/International\/wp-json\/wp\/v2\/posts"}],"about":[{"href":"https:\/\/linitiative.ca\/International\/wp-json\/wp\/v2\/types\/post"}],"author":[{"embeddable":true,"href":"https:\/\/linitiative.ca\/International\/wp-json\/wp\/v2\/users\/1738"}],"replies":[{"embeddable":true,"href":"https:\/\/linitiative.ca\/International\/wp-json\/wp\/v2\/comments?post=123349"}],"version-history":[{"count":0,"href":"https:\/\/linitiative.ca\/International\/wp-json\/wp\/v2\/posts\/123349\/revisions"}],"wp:attachment":[{"href":"https:\/\/linitiative.ca\/International\/wp-json\/wp\/v2\/media?parent=123349"}],"wp:term":[{"taxonomy":"category","embeddable":true,"href":"https:\/\/linitiative.ca\/International\/wp-json\/wp\/v2\/categories?post=123349"},{"taxonomy":"post_tag","embeddable":true,"href":"https:\/\/linitiative.ca\/International\/wp-json\/wp\/v2\/tags?post=123349"}],"curies":[{"name":"wp","href":"https:\/\/api.w.org\/{rel}","templated":true}]}}