{"id":12335,"date":"2019-02-08T15:13:59","date_gmt":"2019-02-08T20:13:59","guid":{"rendered":"https:\/\/linitiative.ca\/International\/ligue-1-2-jsk-mellal-je-veux-les-trois-points-mais-aussi-le-fair-play-total\/"},"modified":"2019-02-08T15:13:59","modified_gmt":"2019-02-08T20:13:59","slug":"ligue-1-2-jsk-mellal-je-veux-les-trois-points-mais-aussi-le-fair-play-total","status":"publish","type":"post","link":"https:\/\/linitiative.ca\/International\/ligue-1-2-jsk-mellal-je-veux-les-trois-points-mais-aussi-le-fair-play-total\/","title":{"rendered":"Ligue 1 &amp; 2 : JSK : Mellal \u00abJe veux les trois points mais aussi le fair-play total\u00bb"},"content":{"rendered":"<div readability=\"32\">\n<p>Auteur : <span>L.A.<\/span> <span class=\"time\">vendredi 08 f\u00e9vrier 2019 12:25<\/span><\/p>\n<\/div>\n<div id=\"post_core\" readability=\"74\">\n<p>Le pr\u00e9sident de la JSK, Cherif Mellal, s\u2019est exprim\u00e9 sur le match de demain face au MCA qui polarise toute l\u2019actualit\u00e9 sportive nationale compte tenu de son cachet particulier de Clasico. Apr\u00e8s une am\u00e8re d\u00e9faite face au PAC \u00e0 Bologhine, les Canaris se sont vite remis au travail pour bien pr\u00e9parer cette confrontation et l\u2019objectif est de renouer avec la victoire. A ce propos Mellal a d\u00e9clar\u00e9 : \u00ab L\u2019\u00e9quipe a pr\u00e9par\u00e9 le match face au MCA dans de bonnes conditions. On a parl\u00e9 avec les joueurs pour les remobiliser et leur pr\u00e9ciser que le parcours est encore long. Il nous reste des matchs importants \u00e0 jouer, on ne doit pas baisser le rythme. Une d\u00e9faite fait partie du parcours. On ne va pas s\u2019arr\u00eater en si bon chemin. Ce samedi, je veux une belle r\u00e9action de mes joueurs sur le terrain. Je veux les trois points de la victoire mais surtout la sportivit\u00e9 et le fair-play. \u00bb<\/p>\n<p><strong>\u00abOn a oubli\u00e9 la d\u00e9faite du PAC\u00bb<\/strong><br \/>A propos de la derni\u00e8re sortie rat\u00e9e \u00e0 Bologhine face au PAC, Mellal ajoute : \u00ab Je ne souhaite pas revenir en arri\u00e8re. Nous avons perdu sur le rectangle vert et ce n\u2019est pas la fin du monde. Comme je vous l\u2019ai dit d\u00e9j\u00e0, il arrive que l\u2019\u00e9quipe tr\u00e9buche, l\u2019essentiel est de savoir se relever tr\u00e8s vite. Je ne vous cache pas que nous avons tourn\u00e9 la page du PAC, tout le monde se concentre sur le match du MCA, \u00e7a sera une confrontation tr\u00e8s serr\u00e9e mais nous devons vraiment renouer avec la victoire \u00e0 domicile. \u00bb<\/p>\n<p><strong>\u00ab Notre premier objectif est \u00e0 90% atteint \u00bb<\/strong><br \/>Le premier responsable de la JSK a \u00e9galement soulign\u00e9 : \u00ab Notre premier objectif cette saison est sur le point d\u2019\u00eatre atteint. A 90%, nous avons assur\u00e9 le maintien en Ligue 1. Nous tirons beaucoup de satisfactions mais il reste encore une bonne partie du programme \u00e0 g\u00e9rer d\u2019ici la fin de saison, nous allons mettre tous les moyens pour am\u00e9liorer nos r\u00e9sultats et c\u2019est l\u00e9gitime de continuer avec des ambitions revues \u00e0 la hausse. \u00bb<\/p>\n<p><strong>\u00abLes joueurs\u00a0 sont motiv\u00e9s \u00bb<\/strong><br \/>Interrog\u00e9 sur l\u2019\u00e9tat d\u2019esprit qui anime les joueurs \u00e0 quelques heures du Clasico, Mellal rassure : \u00ab C\u2019est un Clasico que tout joueur veut jouer. Il reste au staff technique de composer son \u00e9quipe et choisir les \u00e9l\u00e9ments qui sont mieux pr\u00e9par\u00e9s et pr\u00eats sur tous les plans pour ce genre de match. Quant \u00e0 la motivation, les joueurs sont tr\u00e8s bien motiv\u00e9s, ils veulent se racheter de la derni\u00e8re d\u00e9faite du PAC mais aussi du match nul conc\u00e9d\u00e9 face \u00e0 l\u2019ASAM \u00e0 Tizi il y a un peu plus de dix jours. \u00bb<\/p>\n<p><strong>\u00ab J\u2019appelle les supporters \u00e0 se d\u00e9placer en force \u00bb<\/strong><br \/>Avant de conclure, le pr\u00e9sident Mellal a saisi l\u2019occasion pour lancer un appel aux supporters afin de se d\u00e9placer en force au stade demain soir et donner la voix aux joueurs pour gagner le match. : \u00ab Je n\u2019ai aucun doute que le match se jouera devant des gradins archicombles. Je sais que nos supporters vont venir en force et je profite pour leur rappeler que c\u2019est un match entre deux grands clubs qui doit se d\u00e9rouler dans le fair-play total. Tout ce qui nous int\u00e9resse, c\u2019est que notre \u00e9quipe joue bien et gagne des points. \u00bb<br \/>\u00a0<\/p>\n<p><strong>Publi\u00e9 dans :<\/strong> <span>JSK<\/span> <span>MCA.<\/span> <span>Bologhine<\/span> <span>Cherif Mellal<\/span><\/p>\n<\/div>\n","protected":false},"excerpt":{"rendered":"<p>Auteur : L.A. vendredi 08 f\u00e9vrier 2019 12:25 Le pr\u00e9sident de la JSK, Cherif Mellal, s\u2019est exprim\u00e9 sur le match de demain face au MCA qui polarise toute l\u2019actualit\u00e9 sportive nationale compte tenu de son cachet particulier de Clasico. Apr\u00e8s une am\u00e8re d\u00e9faite face au PAC \u00e0 Bologhine, les Canaris se sont vite remis au [&hellip;]<\/p>\n","protected":false},"author":1738,"featured_media":12336,"comment_status":"closed","ping_status":"closed","sticky":false,"template":"","format":"standard","meta":{"fifu_image_url":"","fifu_image_alt":"","footnotes":""},"categories":[53,75],"tags":[],"class_list":["post-12335","post","type-post","status-publish","format-standard","has-post-thumbnail","hentry","category-algerie","category-sport"],"_links":{"self":[{"href":"https:\/\/linitiative.ca\/International\/wp-json\/wp\/v2\/posts\/12335","targetHints":{"allow":["GET"]}}],"collection":[{"href":"https:\/\/linitiative.ca\/International\/wp-json\/wp\/v2\/posts"}],"about":[{"href":"https:\/\/linitiative.ca\/International\/wp-json\/wp\/v2\/types\/post"}],"author":[{"embeddable":true,"href":"https:\/\/linitiative.ca\/International\/wp-json\/wp\/v2\/users\/1738"}],"replies":[{"embeddable":true,"href":"https:\/\/linitiative.ca\/International\/wp-json\/wp\/v2\/comments?post=12335"}],"version-history":[{"count":0,"href":"https:\/\/linitiative.ca\/International\/wp-json\/wp\/v2\/posts\/12335\/revisions"}],"wp:featuredmedia":[{"embeddable":true,"href":"https:\/\/linitiative.ca\/International\/wp-json\/"}],"wp:attachment":[{"href":"https:\/\/linitiative.ca\/International\/wp-json\/wp\/v2\/media?parent=12335"}],"wp:term":[{"taxonomy":"category","embeddable":true,"href":"https:\/\/linitiative.ca\/International\/wp-json\/wp\/v2\/categories?post=12335"},{"taxonomy":"post_tag","embeddable":true,"href":"https:\/\/linitiative.ca\/International\/wp-json\/wp\/v2\/tags?post=12335"}],"curies":[{"name":"wp","href":"https:\/\/api.w.org\/{rel}","templated":true}]}}