{"id":123350,"date":"2021-08-05T06:32:50","date_gmt":"2021-08-05T10:32:50","guid":{"rendered":"https:\/\/linitiative.ca\/International\/dr-fawzi-derrar-virologue-et-directeur-general-de-linstitut-pasteur-dalgerie-ipa-plus-vite-on-atteindra-un-taux-satisfaisant-de-vaccination-plus-vite-limmunite-c\/"},"modified":"2021-08-05T06:32:50","modified_gmt":"2021-08-05T10:32:50","slug":"dr-fawzi-derrar-virologue-et-directeur-general-de-linstitut-pasteur-dalgerie-ipa-plus-vite-on-atteindra-un-taux-satisfaisant-de-vaccination-plus-vite-limmunite-c","status":"publish","type":"post","link":"https:\/\/linitiative.ca\/International\/dr-fawzi-derrar-virologue-et-directeur-general-de-linstitut-pasteur-dalgerie-ipa-plus-vite-on-atteindra-un-taux-satisfaisant-de-vaccination-plus-vite-limmunite-c\/","title":{"rendered":"Dr Fawzi Derrar. virologue et directeur g\u00e9n\u00e9ral de l\u2019Institut Pasteur d\u2019Alg\u00e9rie (IPA) : \u00abPlus vite on atteindra un taux satisfaisant de vaccination, plus vite l\u2019immunit\u00e9 collective s\u2019installera\u00bb"},"content":{"rendered":"<div>\n<div class=\"sriret\"><img decoding=\"async\" src=\"https:\/\/linitiative.ca\/International\/wp-content\/uploads\/sites\/23\/2021\/08\/default-picture-709x366_c-10.jpg\"><\/div>\n<p>Le Pr Fawzi Derrar, virologue et membre du comit\u00e9 scientifique de suivi de l\u2019\u00e9volution de la pand\u00e9mie, revient dans cet entretien sur l\u2019importance de l\u2019acc\u00e9l\u00e9ration de la vaccination contre la Covid-19 et le respect des mesures barri\u00e8res pour lutter contre la propagation du Sars-CoV-2. Il estime que la situation \u00e9pid\u00e9mique commence \u00e0 enregistrer une l\u00e9g\u00e8re stabilit\u00e9 en termes de consultation, en attendant la d\u00e9crue. Il rappelle que plus le virus circule, plus sa capacit\u00e9 \u00e0 varier, c\u2019est-\u00e0-dire muter, est plus grande.<\/p>\n<p>\u00a0<\/p>\n<p><em><strong>-La situation \u00e9pid\u00e9miologique est actuellement \u00e0 un stade critique avec l\u2019augmentation rapide de nouveaux cas d\u2019infection, qui ont atteint des chiffres inqui\u00e9tants pour le mois de juillet, jusqu\u2019\u00e0 1927 cas. Quelle en est, d\u2019apr\u00e8s vous, la cause\u00a0?<\/strong><\/em><\/p>\n<p>Il y a effectivement une forte contamination au courant de ce mois de juillet et nous l\u2019avons pr\u00e9dit, sachant que le variant Delta \u00e9tait en circulation un mois avant. L\u2019augmentation rapide du nombre de cas de contamination \u00e9tait pr\u00e9visible, d\u2019autant que ce variant est tr\u00e8s contagieux, avec une vitesse sup\u00e9rieure qui fait que les taux de positivit\u00e9 et les incidences ont vite augment\u00e9, touchant toutes\u00a0les cat\u00e9gories de la population. Je pr\u00e9cise qu\u2019en l\u2019espace pratiquement d\u2019un mois, le variant Delta repr\u00e9sente 92% des virus circulant (donn\u00e9es du 3 ao\u00fbt) apr\u00e8s avoir \u00e9t\u00e9 \u00e0 2,67% en juin dernier.<\/p>\n<p>*Retrouvez l\u2019int\u00e9gralit\u00e9 de nos articles sur la version papier<\/p>\n<p>L\u2019article <a rel=\"nofollow\" href=\"https:\/\/www.elwatan.com\/edition\/actualite\/dr-fawzi-derrar-virologue-et-directeur-general-de-linstitut-pasteur-dalgerie-ipa-plus-vite-on-atteindra-un-taux-satisfaisant-de-vaccination-plus-vite-limmunite-c-05-08-2021\">Dr Fawzi Derrar. virologue et directeur g\u00e9n\u00e9ral de l\u2019Institut Pasteur d\u2019Alg\u00e9rie (IPA) : \u00abPlus vite on atteindra un taux satisfaisant de vaccination, plus vite l\u2019immunit\u00e9 collective s\u2019installera\u00bb<\/a> est apparu en premier sur <a rel=\"nofollow\" href=\"https:\/\/www.elwatan.com\/\">El Watan<\/a>.<\/p>\n<\/div>\n<p>Auteur: Hicham Chouadria<br \/>\n<a href=\"https:\/\/www.elwatan.com\/edition\/actualite\/dr-fawzi-derrar-virologue-et-directeur-general-de-linstitut-pasteur-dalgerie-ipa-plus-vite-on-atteindra-un-taux-satisfaisant-de-vaccination-plus-vite-limmunite-c-05-08-2021\">Cliquez ici pour lire l&rsquo;article depuis sa source.<\/a><\/p>\n","protected":false},"excerpt":{"rendered":"<p>Le Pr Fawzi Derrar, virologue et membre du comit\u00e9 scientifique de suivi de l\u2019\u00e9volution de la pand\u00e9mie, revient dans cet entretien sur l\u2019importance de l\u2019acc\u00e9l\u00e9ration de la vaccination contre la Covid-19 et le respect des mesures barri\u00e8res pour lutter contre la propagation du Sars-CoV-2. Il estime que la situation \u00e9pid\u00e9mique commence \u00e0 enregistrer une l\u00e9g\u00e8re [&hellip;]<\/p>\n","protected":false},"author":1743,"featured_media":0,"comment_status":"closed","ping_status":"closed","sticky":false,"template":"","format":"standard","meta":{"fifu_image_url":"https:\/\/www.elwatan.com\/wp-content\/themes\/spectr\/img\/default-picture-709x366_c.jpg","fifu_image_alt":"Dr Fawzi Derrar. virologue et directeur g\u00e9n\u00e9ral de l\u2019Institut Pasteur d\u2019Alg\u00e9rie (IPA) : \u00abPlus vite on atteindra un taux satisfaisant de vaccination, plus vite l\u2019immunit\u00e9 collective s\u2019installera\u00bb","footnotes":""},"categories":[73,53],"tags":[],"class_list":["post-123350","post","type-post","status-publish","format-standard","hentry","category-actualite","category-algerie"],"_links":{"self":[{"href":"https:\/\/linitiative.ca\/International\/wp-json\/wp\/v2\/posts\/123350","targetHints":{"allow":["GET"]}}],"collection":[{"href":"https:\/\/linitiative.ca\/International\/wp-json\/wp\/v2\/posts"}],"about":[{"href":"https:\/\/linitiative.ca\/International\/wp-json\/wp\/v2\/types\/post"}],"author":[{"embeddable":true,"href":"https:\/\/linitiative.ca\/International\/wp-json\/wp\/v2\/users\/1743"}],"replies":[{"embeddable":true,"href":"https:\/\/linitiative.ca\/International\/wp-json\/wp\/v2\/comments?post=123350"}],"version-history":[{"count":0,"href":"https:\/\/linitiative.ca\/International\/wp-json\/wp\/v2\/posts\/123350\/revisions"}],"wp:attachment":[{"href":"https:\/\/linitiative.ca\/International\/wp-json\/wp\/v2\/media?parent=123350"}],"wp:term":[{"taxonomy":"category","embeddable":true,"href":"https:\/\/linitiative.ca\/International\/wp-json\/wp\/v2\/categories?post=123350"},{"taxonomy":"post_tag","embeddable":true,"href":"https:\/\/linitiative.ca\/International\/wp-json\/wp\/v2\/tags?post=123350"}],"curies":[{"name":"wp","href":"https:\/\/api.w.org\/{rel}","templated":true}]}}