{"id":123354,"date":"2021-08-05T06:35:52","date_gmt":"2021-08-05T10:35:52","guid":{"rendered":"https:\/\/linitiative.ca\/International\/la-decision-a-ete-annonce-hier-lors-de-la-reunion-du-haut-conseil-de-securite-les-elections-locales-auront-lieu-en-novembre\/"},"modified":"2021-08-05T06:35:52","modified_gmt":"2021-08-05T10:35:52","slug":"la-decision-a-ete-annonce-hier-lors-de-la-reunion-du-haut-conseil-de-securite-les-elections-locales-auront-lieu-en-novembre","status":"publish","type":"post","link":"https:\/\/linitiative.ca\/International\/la-decision-a-ete-annonce-hier-lors-de-la-reunion-du-haut-conseil-de-securite-les-elections-locales-auront-lieu-en-novembre\/","title":{"rendered":"La d\u00e9cision a \u00e9t\u00e9 annonc\u00e9 hier lors de la r\u00e9union du Haut conseil de s\u00e9curit\u00e9 : Les \u00e9lections locales auront lieu en novembre"},"content":{"rendered":"<div>\n<div class=\"sriret\"><img loading=\"lazy\" decoding=\"async\" width=\"500\" height=\"531\" src=\"https:\/\/linitiative.ca\/International\/wp-content\/uploads\/sites\/23\/2021\/08\/Tebboune-e1628118511181.png\" class=\"attachment-featured_large size-featured_large wp-post-image\" alt=\"\" style=\"margin-bottom: 15px;\"><\/div>\n<p>Le pr\u00e9sident de la R\u00e9publique, Abdelmadjid Tebboune, a pr\u00e9sid\u00e9 hier la r\u00e9union p\u00e9riodique du Haut Conseil de s\u00e9curit\u00e9 (HCS). Au menu, la situation sanitaire et s\u00e9curitaire du pays ainsi que la pr\u00e9paration de la rentr\u00e9e sociale et les prochaines \u00e9ch\u00e9ances locales.<\/p>\n<p>En d\u00e9pit des critiques de l\u2019opposition, qui qualifie \u00abd\u2019ind\u00e9cence\u00bb de parler en cette p\u00e9riode de crise sanitaire des \u00e9lections locales, le pr\u00e9sident de la R\u00e9publique maintient sa feuille de route et met le cap sur l\u2019organisation de ces \u00e9lections locales anticip\u00e9es. Une date a \u00e9t\u00e9 arr\u00eat\u00e9e hier. Ces joutes sont pr\u00e9vues pour le mois de novembre prochain, si la situation \u00e9pid\u00e9miologique li\u00e9e \u00e0 la pand\u00e9mie de Covid-19 se stabilise.<\/p>\n<p>*Retrouvez l\u2019int\u00e9gralit\u00e9 de nos articles sur la version papier<\/p>\n<p>L\u2019article <a rel=\"nofollow\" href=\"https:\/\/www.elwatan.com\/edition\/actualite\/la-decision-a-ete-annonce-hier-lors-de-la-reunion-du-haut-conseil-de-securite-les-elections-locales-auront-lieu-en-novembre-05-08-2021\">La d\u00e9cision a \u00e9t\u00e9 annonc\u00e9 hier lors de la r\u00e9union du Haut conseil de s\u00e9curit\u00e9 : Les \u00e9lections locales auront lieu en novembre<\/a> est apparu en premier sur <a rel=\"nofollow\" href=\"https:\/\/www.elwatan.com\/\">El Watan<\/a>.<\/p>\n<\/div>\n<p>Auteur: Hicham Chouadria<br \/>\n<a href=\"https:\/\/www.elwatan.com\/edition\/actualite\/la-decision-a-ete-annonce-hier-lors-de-la-reunion-du-haut-conseil-de-securite-les-elections-locales-auront-lieu-en-novembre-05-08-2021\">Cliquez ici pour lire l&rsquo;article depuis sa source.<\/a><\/p>\n","protected":false},"excerpt":{"rendered":"<p>Le pr\u00e9sident de la R\u00e9publique, Abdelmadjid Tebboune, a pr\u00e9sid\u00e9 hier la r\u00e9union p\u00e9riodique du Haut Conseil de s\u00e9curit\u00e9 (HCS). Au menu, la situation sanitaire et s\u00e9curitaire du pays ainsi que la pr\u00e9paration de la rentr\u00e9e sociale et les prochaines \u00e9ch\u00e9ances locales. En d\u00e9pit des critiques de l\u2019opposition, qui qualifie \u00abd\u2019ind\u00e9cence\u00bb de parler en cette p\u00e9riode [&hellip;]<\/p>\n","protected":false},"author":1743,"featured_media":0,"comment_status":"closed","ping_status":"closed","sticky":false,"template":"","format":"standard","meta":{"fifu_image_url":"https:\/\/www.elwatan.com\/wp-content\/uploads\/2021\/06\/Tebboune-e1628118511181.png","fifu_image_alt":"La d\u00e9cision a \u00e9t\u00e9 annonc\u00e9 hier lors de la r\u00e9union du Haut conseil de s\u00e9curit\u00e9 : Les \u00e9lections locales auront lieu en novembre","footnotes":""},"categories":[73,53],"tags":[],"class_list":["post-123354","post","type-post","status-publish","format-standard","hentry","category-actualite","category-algerie"],"_links":{"self":[{"href":"https:\/\/linitiative.ca\/International\/wp-json\/wp\/v2\/posts\/123354","targetHints":{"allow":["GET"]}}],"collection":[{"href":"https:\/\/linitiative.ca\/International\/wp-json\/wp\/v2\/posts"}],"about":[{"href":"https:\/\/linitiative.ca\/International\/wp-json\/wp\/v2\/types\/post"}],"author":[{"embeddable":true,"href":"https:\/\/linitiative.ca\/International\/wp-json\/wp\/v2\/users\/1743"}],"replies":[{"embeddable":true,"href":"https:\/\/linitiative.ca\/International\/wp-json\/wp\/v2\/comments?post=123354"}],"version-history":[{"count":0,"href":"https:\/\/linitiative.ca\/International\/wp-json\/wp\/v2\/posts\/123354\/revisions"}],"wp:attachment":[{"href":"https:\/\/linitiative.ca\/International\/wp-json\/wp\/v2\/media?parent=123354"}],"wp:term":[{"taxonomy":"category","embeddable":true,"href":"https:\/\/linitiative.ca\/International\/wp-json\/wp\/v2\/categories?post=123354"},{"taxonomy":"post_tag","embeddable":true,"href":"https:\/\/linitiative.ca\/International\/wp-json\/wp\/v2\/tags?post=123354"}],"curies":[{"name":"wp","href":"https:\/\/api.w.org\/{rel}","templated":true}]}}