{"id":123356,"date":"2021-08-05T06:40:59","date_gmt":"2021-08-05T10:40:59","guid":{"rendered":"https:\/\/linitiative.ca\/International\/lancien-pdg-de-sonatrach-a-ete-remis-hier-par-les-emirats-aux-autorites-algeriennes-les-details-de-lextradition-dould-kaddour\/"},"modified":"2021-08-05T06:40:59","modified_gmt":"2021-08-05T10:40:59","slug":"lancien-pdg-de-sonatrach-a-ete-remis-hier-par-les-emirats-aux-autorites-algeriennes-les-details-de-lextradition-dould-kaddour","status":"publish","type":"post","link":"https:\/\/linitiative.ca\/International\/lancien-pdg-de-sonatrach-a-ete-remis-hier-par-les-emirats-aux-autorites-algeriennes-les-details-de-lextradition-dould-kaddour\/","title":{"rendered":"L\u2019ancien pdg de Sonatrach a \u00e9t\u00e9 remis hier par les \u00e9mirats aux autorit\u00e9s alg\u00e9riennes : Les d\u00e9tails de l\u2019extradition d\u2019Ould Kaddour"},"content":{"rendered":"<div>\n<div class=\"sriret\"><img decoding=\"async\" src=\"https:\/\/linitiative.ca\/International\/wp-content\/uploads\/sites\/23\/2021\/08\/default-picture-709x366_c-12.jpg\"><\/div>\n<p>Fin de cavale pour l\u2019ex-patron de Sonatrach, Abdelmoumen Ould Kaddour. Les autorit\u00e9s \u00e9miraties l\u2019ont livr\u00e9 \u00e0 l\u2019Alg\u00e9rie apr\u00e8s plus de quatre mois de va-et-vient des repr\u00e9sentants du minist\u00e8re de la Justice pour plaider son extradition, en vertu de la convention d\u2019entraide judiciaire, sign\u00e9e entre les deux pays en 2007.<\/p>\n<p>L\u2019Alg\u00e9rie avait obtenu, il y a un peu plus de deux mois, l\u2019accord de principe pour l\u2019ex\u00e9cution de cette extradition, qui concerne aussi une dizaine d\u2019autres personnes faisant l\u2019objet de mandats d\u2019arr\u00eat internationaux pour des affaires de justice, notamment de drogue et de corruption.<\/p>\n<p>Des sources proches du dossier affirment que l\u2019ancien PDG de Sonatrach a \u00e9t\u00e9 convoqu\u00e9 par le procureur \u00e9mirati, le 2 ao\u00fbt, pour l\u2019informer de son extradition (la d\u00e9cision a \u00e9t\u00e9 prise le 28 juillet), avant de le maintenir en garde \u00e0 vue jusqu\u2019\u00e0 sa remise, hier, \u00e0 la d\u00e9l\u00e9gation alg\u00e9rienne, qui s\u2019est d\u00e9plac\u00e9e \u00e0 bord d\u2019un avion sp\u00e9cial d\u00e9p\u00each\u00e9 pour le rapatrier.<\/p>\n<p>*Retrouvez l\u2019int\u00e9gralit\u00e9 de nos articles sur la version papier<\/p>\n<p>L\u2019article <a rel=\"nofollow\" href=\"https:\/\/www.elwatan.com\/a-la-une\/lancien-pdg-de-sonatrach-a-ete-remis-hier-par-les-emirats-aux-autorites-algeriennes-les-details-de-lextradition-dould-kaddour-05-08-2021\">L\u2019ancien pdg de Sonatrach a \u00e9t\u00e9 remis hier par les \u00e9mirats aux autorit\u00e9s alg\u00e9riennes : Les d\u00e9tails de l\u2019extradition d\u2019Ould Kaddour<\/a> est apparu en premier sur <a rel=\"nofollow\" href=\"https:\/\/www.elwatan.com\/\">El Watan<\/a>.<\/p>\n<\/div>\n<p>Auteur: Hicham Chouadria<br \/>\n<a href=\"https:\/\/www.elwatan.com\/a-la-une\/lancien-pdg-de-sonatrach-a-ete-remis-hier-par-les-emirats-aux-autorites-algeriennes-les-details-de-lextradition-dould-kaddour-05-08-2021\">Cliquez ici pour lire l&rsquo;article depuis sa source.<\/a><\/p>\n","protected":false},"excerpt":{"rendered":"<p>Fin de cavale pour l\u2019ex-patron de Sonatrach, Abdelmoumen Ould Kaddour. Les autorit\u00e9s \u00e9miraties l\u2019ont livr\u00e9 \u00e0 l\u2019Alg\u00e9rie apr\u00e8s plus de quatre mois de va-et-vient des repr\u00e9sentants du minist\u00e8re de la Justice pour plaider son extradition, en vertu de la convention d\u2019entraide judiciaire, sign\u00e9e entre les deux pays en 2007. L\u2019Alg\u00e9rie avait obtenu, il y a [&hellip;]<\/p>\n","protected":false},"author":1743,"featured_media":0,"comment_status":"closed","ping_status":"closed","sticky":false,"template":"","format":"standard","meta":{"fifu_image_url":"https:\/\/www.elwatan.com\/wp-content\/themes\/spectr\/img\/default-picture-709x366_c.jpg","fifu_image_alt":"L\u2019ancien pdg de Sonatrach a \u00e9t\u00e9 remis hier par les \u00e9mirats aux autorit\u00e9s alg\u00e9riennes : Les d\u00e9tails de l\u2019extradition d\u2019Ould Kaddour","footnotes":""},"categories":[73,53],"tags":[],"class_list":["post-123356","post","type-post","status-publish","format-standard","hentry","category-actualite","category-algerie"],"_links":{"self":[{"href":"https:\/\/linitiative.ca\/International\/wp-json\/wp\/v2\/posts\/123356","targetHints":{"allow":["GET"]}}],"collection":[{"href":"https:\/\/linitiative.ca\/International\/wp-json\/wp\/v2\/posts"}],"about":[{"href":"https:\/\/linitiative.ca\/International\/wp-json\/wp\/v2\/types\/post"}],"author":[{"embeddable":true,"href":"https:\/\/linitiative.ca\/International\/wp-json\/wp\/v2\/users\/1743"}],"replies":[{"embeddable":true,"href":"https:\/\/linitiative.ca\/International\/wp-json\/wp\/v2\/comments?post=123356"}],"version-history":[{"count":0,"href":"https:\/\/linitiative.ca\/International\/wp-json\/wp\/v2\/posts\/123356\/revisions"}],"wp:attachment":[{"href":"https:\/\/linitiative.ca\/International\/wp-json\/wp\/v2\/media?parent=123356"}],"wp:term":[{"taxonomy":"category","embeddable":true,"href":"https:\/\/linitiative.ca\/International\/wp-json\/wp\/v2\/categories?post=123356"},{"taxonomy":"post_tag","embeddable":true,"href":"https:\/\/linitiative.ca\/International\/wp-json\/wp\/v2\/tags?post=123356"}],"curies":[{"name":"wp","href":"https:\/\/api.w.org\/{rel}","templated":true}]}}