{"id":123362,"date":"2021-08-05T06:40:00","date_gmt":"2021-08-05T10:40:00","guid":{"rendered":"https:\/\/linitiative.ca\/International\/la-tunisie-du-25-juillet-vue-par-lancien-ambassadeur-americain-gordon-gray-quelle-est-la-suite\/"},"modified":"2021-08-05T06:40:00","modified_gmt":"2021-08-05T10:40:00","slug":"la-tunisie-du-25-juillet-vue-par-lancien-ambassadeur-americain-gordon-gray-quelle-est-la-suite","status":"publish","type":"post","link":"https:\/\/linitiative.ca\/International\/la-tunisie-du-25-juillet-vue-par-lancien-ambassadeur-americain-gordon-gray-quelle-est-la-suite\/","title":{"rendered":"La Tunisie du 25 juillet vue par l\u2019ancien ambassadeur am\u00e9ricain Gordon Gray: Quelle est la suite ?"},"content":{"rendered":"<div><img decoding=\"async\" src=\"https:\/\/linitiative.ca\/International\/wp-content\/uploads\/sites\/23\/2021\/08\/1628157200_article.jpg\" alt=\"La Tunisie du 25 juillet vue par l\u2019ancien ambassadeur am\u00e9ricain Gordon Gray: Quelle est la suite ?\" align=\"left\">Gordon Gray a \u00e9t\u00e9 ambassadeur des \u00c9tats-Unis en Tunisie de 2009 \u00e0 2012. Il a \u00e9t\u00e9 t\u00e9moin du d\u00e9but du printemps arabe et a dirig\u00e9 la r\u00e9ponse des \u00c9tats-Unis pour soutenir la transition de la Tunisie pendant et apr\u00e8s la r\u00e9volution de 2010-2011. Il a suivi de pr\u00e8s les r\u00e9cents \u00e9v\u00e9nements en Tunisie et a contribu\u00e9 \u00e0 l&rsquo;analyse suivante (version originale).<br \/>\nDes Tunisiens font la f\u00eate lors de l&rsquo;anniversaire de la r\u00e9volution en 2014<br \/>\n\u00ab\u00a0Dites-moi comment cela se termine\u00a0\u00bb, a demand\u00e9 de fa\u00e7on c\u00e9l\u00e8bre David Petraeus (alors commandant de la 101e division a\u00e9roport\u00e9e) au d\u00e9but de la deuxi\u00e8me guerre du Golfe. La situation en Tunisie, suite \u00e0 l&rsquo;annonce par le pr\u00e9sident Kais &#8230;<\/p>\n<\/div>\n<p>Auteur:<br \/>\n<a href=\"https:\/\/www.leaders.com.tn\/article\/32249-la-tunisie-du-25-juillet-vue-par-l-ancien-ambassadeur-americain-gordon-gray-quelle-est-la-suite\">Cliquez ici pour lire l&rsquo;article depuis sa source.<\/a><\/p>\n","protected":false},"excerpt":{"rendered":"<p>Gordon Gray a \u00e9t\u00e9 ambassadeur des \u00c9tats-Unis en Tunisie de 2009 \u00e0 2012. Il a \u00e9t\u00e9 t\u00e9moin du d\u00e9but du printemps arabe et a dirig\u00e9 la r\u00e9ponse des \u00c9tats-Unis pour soutenir la transition de la Tunisie pendant et apr\u00e8s la r\u00e9volution de 2010-2011. Il a suivi de pr\u00e8s les r\u00e9cents \u00e9v\u00e9nements en Tunisie et a [&hellip;]<\/p>\n","protected":false},"author":1772,"featured_media":0,"comment_status":"closed","ping_status":"closed","sticky":false,"template":"","format":"standard","meta":{"fifu_image_url":"http:\/\/www.leaders.com.tn\/uploads\/content\/thumbnails_small\/1628157200_article.jpg","fifu_image_alt":"La Tunisie du 25 juillet vue par l\u2019ancien ambassadeur am\u00e9ricain Gordon Gray: Quelle est la suite ?","footnotes":""},"categories":[73,55],"tags":[],"class_list":["post-123362","post","type-post","status-publish","format-standard","hentry","category-actualite","category-tunisie"],"_links":{"self":[{"href":"https:\/\/linitiative.ca\/International\/wp-json\/wp\/v2\/posts\/123362","targetHints":{"allow":["GET"]}}],"collection":[{"href":"https:\/\/linitiative.ca\/International\/wp-json\/wp\/v2\/posts"}],"about":[{"href":"https:\/\/linitiative.ca\/International\/wp-json\/wp\/v2\/types\/post"}],"author":[{"embeddable":true,"href":"https:\/\/linitiative.ca\/International\/wp-json\/wp\/v2\/users\/1772"}],"replies":[{"embeddable":true,"href":"https:\/\/linitiative.ca\/International\/wp-json\/wp\/v2\/comments?post=123362"}],"version-history":[{"count":0,"href":"https:\/\/linitiative.ca\/International\/wp-json\/wp\/v2\/posts\/123362\/revisions"}],"wp:attachment":[{"href":"https:\/\/linitiative.ca\/International\/wp-json\/wp\/v2\/media?parent=123362"}],"wp:term":[{"taxonomy":"category","embeddable":true,"href":"https:\/\/linitiative.ca\/International\/wp-json\/wp\/v2\/categories?post=123362"},{"taxonomy":"post_tag","embeddable":true,"href":"https:\/\/linitiative.ca\/International\/wp-json\/wp\/v2\/tags?post=123362"}],"curies":[{"name":"wp","href":"https:\/\/api.w.org\/{rel}","templated":true}]}}