{"id":123368,"date":"2021-08-05T09:55:09","date_gmt":"2021-08-05T13:55:09","guid":{"rendered":"https:\/\/linitiative.ca\/International\/jo-2020-abdellatif-sadiki-elimine-en-demi-finale-du-1-500-m\/"},"modified":"2021-08-05T09:55:09","modified_gmt":"2021-08-05T13:55:09","slug":"jo-2020-abdellatif-sadiki-elimine-en-demi-finale-du-1-500-m","status":"publish","type":"post","link":"https:\/\/linitiative.ca\/International\/jo-2020-abdellatif-sadiki-elimine-en-demi-finale-du-1-500-m\/","title":{"rendered":"JO 2020. Abdellatif Sadiki \u00e9limin\u00e9 en demi-finale du 1 500 m"},"content":{"rendered":"<div><img decoding=\"async\" width=\"640\" height=\"324\" src=\"https:\/\/linitiative.ca\/International\/wp-content\/uploads\/sites\/23\/2021\/08\/abdellatif_sadiqui.jpg\" class=\"attachment-post-thumbnail size-post-thumbnail wp-post-image\" alt=\"\" loading=\"lazy\" srcset=\"https:\/\/linitiative.ca\/International\/wp-content\/uploads\/sites\/23\/2021\/08\/abdellatif_sadiqui.jpg 640w, https:\/\/www.challenge.ma\/wp-content\/uploads\/2021\/08\/abdellatif_sadiqui-300x152.jpg 300w, https:\/\/www.challenge.ma\/wp-content\/uploads\/2021\/08\/abdellatif_sadiqui-360x182.jpg 360w\" sizes=\"auto, (max-width: 640px) 100vw, 640px\" itemprop=\"image\">Alors qu\u2019il s\u2019\u00e9tait qualifi\u00e9 de belle mani\u00e8re ce mardi 3 ao\u00fbt dans le cadre des demi-finales de l\u2019\u00e9preuve du 1 500 m des Jeux olympiques de Tokyo, Abdellatif Sadiki a \u00e9t\u00e9 \u00e9limin\u00e9 ce jeudi 5 ao\u00fbt. Pour autant, la concurrence \u00e9tait relev\u00e9e, l\u2019athl\u00e8te marocain devant composer avec ses homologues Kenyans,<\/div>\n<p>Auteur: challenge<br \/>\n<a href=\"https:\/\/www.challenge.ma\/jo-2020-abdellatif-sadiqui-elimine-en-demi-finale-du-1-500-m-195043\/\">Cliquez ici pour lire l&rsquo;article depuis sa source.<\/a><\/p>\n","protected":false},"excerpt":{"rendered":"<p>Alors qu\u2019il s\u2019\u00e9tait qualifi\u00e9 de belle mani\u00e8re ce mardi 3 ao\u00fbt dans le cadre des demi-finales de l\u2019\u00e9preuve du 1 500 m des Jeux olympiques de Tokyo, Abdellatif Sadiki a \u00e9t\u00e9 \u00e9limin\u00e9 ce jeudi 5 ao\u00fbt. Pour autant, la concurrence \u00e9tait relev\u00e9e, l\u2019athl\u00e8te marocain devant composer avec ses homologues Kenyans, Auteur: challenge Cliquez ici pour [&hellip;]<\/p>\n","protected":false},"author":1787,"featured_media":0,"comment_status":"closed","ping_status":"closed","sticky":false,"template":"","format":"standard","meta":{"fifu_image_url":"https:\/\/www.challenge.ma\/wp-content\/uploads\/2021\/08\/abdellatif_sadiqui.jpg","fifu_image_alt":"JO 2020. Abdellatif Sadiki \u00e9limin\u00e9 en demi-finale du 1 500 m","footnotes":""},"categories":[78,54],"tags":[],"class_list":["post-123368","post","type-post","status-publish","format-standard","hentry","category-economie","category-maroc"],"_links":{"self":[{"href":"https:\/\/linitiative.ca\/International\/wp-json\/wp\/v2\/posts\/123368","targetHints":{"allow":["GET"]}}],"collection":[{"href":"https:\/\/linitiative.ca\/International\/wp-json\/wp\/v2\/posts"}],"about":[{"href":"https:\/\/linitiative.ca\/International\/wp-json\/wp\/v2\/types\/post"}],"author":[{"embeddable":true,"href":"https:\/\/linitiative.ca\/International\/wp-json\/wp\/v2\/users\/1787"}],"replies":[{"embeddable":true,"href":"https:\/\/linitiative.ca\/International\/wp-json\/wp\/v2\/comments?post=123368"}],"version-history":[{"count":0,"href":"https:\/\/linitiative.ca\/International\/wp-json\/wp\/v2\/posts\/123368\/revisions"}],"wp:attachment":[{"href":"https:\/\/linitiative.ca\/International\/wp-json\/wp\/v2\/media?parent=123368"}],"wp:term":[{"taxonomy":"category","embeddable":true,"href":"https:\/\/linitiative.ca\/International\/wp-json\/wp\/v2\/categories?post=123368"},{"taxonomy":"post_tag","embeddable":true,"href":"https:\/\/linitiative.ca\/International\/wp-json\/wp\/v2\/tags?post=123368"}],"curies":[{"name":"wp","href":"https:\/\/api.w.org\/{rel}","templated":true}]}}