{"id":123378,"date":"2021-08-05T17:22:56","date_gmt":"2021-08-05T21:22:56","guid":{"rendered":"https:\/\/linitiative.ca\/International\/tunisie-sousse-decouverte-dune-cellule-terroriste-qui-ciblait-une-institution-securitaire\/"},"modified":"2021-08-05T17:22:56","modified_gmt":"2021-08-05T21:22:56","slug":"tunisie-sousse-decouverte-dune-cellule-terroriste-qui-ciblait-une-institution-securitaire","status":"publish","type":"post","link":"https:\/\/linitiative.ca\/International\/tunisie-sousse-decouverte-dune-cellule-terroriste-qui-ciblait-une-institution-securitaire\/","title":{"rendered":"Tunisie \u2013 Sousse\u00a0: D\u00e9couverte d\u2019une cellule terroriste qui ciblait une institution s\u00e9curitaire"},"content":{"rendered":"<div>\n<p>Des agents de la police relevant de plusieurs brigades, sont la brigade anti terrorisme, ont r\u00e9ussi \u00e0 localiser et identifier, une cellule terroriste, relevant de DAECH, qui projetait de cibler une institution s\u00e9curitaire de la r\u00e9gion de Sousse, par des engins explosifs. L\u2019affaire a commenc\u00e9 quand les forces de l\u2019ordre ont rep\u00e9r\u00e9 un jeune homme, [\u2026]<\/p>\n<p>L\u2019article <a href=\"https:\/\/www.tunisienumerique.com\/tunisie-sousse-decouverte-dune-cellule-terroriste-qui-ciblait-une-institution-securitaire\/\">Tunisie \u2013 Sousse\u00a0: D\u00e9couverte d\u2019une cellule terroriste qui ciblait une institution s\u00e9curitaire<\/a> est apparu en premier sur <a href=\"https:\/\/www.tunisienumerique.com\/\">Tunisie<\/a>.<\/p>\n<\/div>\n<p>Auteur: LM<br \/>\n<a href=\"https:\/\/www.tunisienumerique.com\/tunisie-sousse-decouverte-dune-cellule-terroriste-qui-ciblait-une-institution-securitaire\/\">Cliquez ici pour lire l&rsquo;article depuis sa source.<\/a><\/p>\n","protected":false},"excerpt":{"rendered":"<p>Des agents de la police relevant de plusieurs brigades, sont la brigade anti terrorisme, ont r\u00e9ussi \u00e0 localiser et identifier, une cellule terroriste, relevant de DAECH, qui projetait de cibler une institution s\u00e9curitaire de la r\u00e9gion de Sousse, par des engins explosifs. L\u2019affaire a commenc\u00e9 quand les forces de l\u2019ordre ont rep\u00e9r\u00e9 un jeune homme, [&hellip;]<\/p>\n","protected":false},"author":1789,"featured_media":0,"comment_status":"closed","ping_status":"closed","sticky":false,"template":"","format":"standard","meta":{"fifu_image_url":"","fifu_image_alt":"","footnotes":""},"categories":[73,55],"tags":[],"class_list":["post-123378","post","type-post","status-publish","format-standard","hentry","category-actualite","category-tunisie"],"_links":{"self":[{"href":"https:\/\/linitiative.ca\/International\/wp-json\/wp\/v2\/posts\/123378","targetHints":{"allow":["GET"]}}],"collection":[{"href":"https:\/\/linitiative.ca\/International\/wp-json\/wp\/v2\/posts"}],"about":[{"href":"https:\/\/linitiative.ca\/International\/wp-json\/wp\/v2\/types\/post"}],"author":[{"embeddable":true,"href":"https:\/\/linitiative.ca\/International\/wp-json\/wp\/v2\/users\/1789"}],"replies":[{"embeddable":true,"href":"https:\/\/linitiative.ca\/International\/wp-json\/wp\/v2\/comments?post=123378"}],"version-history":[{"count":0,"href":"https:\/\/linitiative.ca\/International\/wp-json\/wp\/v2\/posts\/123378\/revisions"}],"wp:attachment":[{"href":"https:\/\/linitiative.ca\/International\/wp-json\/wp\/v2\/media?parent=123378"}],"wp:term":[{"taxonomy":"category","embeddable":true,"href":"https:\/\/linitiative.ca\/International\/wp-json\/wp\/v2\/categories?post=123378"},{"taxonomy":"post_tag","embeddable":true,"href":"https:\/\/linitiative.ca\/International\/wp-json\/wp\/v2\/tags?post=123378"}],"curies":[{"name":"wp","href":"https:\/\/api.w.org\/{rel}","templated":true}]}}