{"id":123381,"date":"2021-08-05T14:31:34","date_gmt":"2021-08-05T18:31:34","guid":{"rendered":"https:\/\/linitiative.ca\/International\/clash-entre-gbagbo-et-affi-nguessan\/"},"modified":"2021-08-05T14:31:34","modified_gmt":"2021-08-05T18:31:34","slug":"clash-entre-gbagbo-et-affi-nguessan","status":"publish","type":"post","link":"https:\/\/linitiative.ca\/International\/clash-entre-gbagbo-et-affi-nguessan\/","title":{"rendered":"CLASH ENTRE GBAGBO ET AFFI N\u2019GUESSAN"},"content":{"rendered":"<div>\n<p><img decoding=\"async\" width=\"720\" height=\"486\" src=\"https:\/\/linitiative.ca\/International\/wp-content\/uploads\/sites\/23\/2021\/08\/affi-gbagbo.jpg\" class=\"attachment- size- wp-post-image\" alt=\"\" loading=\"lazy\" style=\"float:left; margin:0 15px 15px 0;\" srcset=\"https:\/\/linitiative.ca\/International\/wp-content\/uploads\/sites\/23\/2021\/08\/affi-gbagbo.jpg 720w, https:\/\/lepays.bf\/wp-content\/uploads\/2021\/08\/affi-gbagbo-300x203.jpg 300w, https:\/\/lepays.bf\/wp-content\/uploads\/2021\/08\/affi-gbagbo-220x150.jpg 220w\" sizes=\"auto, (max-width: 720px) 100vw, 720px\">Revenu de sa d\u00e9tention \u00e0 La Haye le 17 juin dernier et apr\u00e8s avoir pris langue avec les deux pachydermes de la politique ivoirienne, c\u2019est-\u00e0-dire Henri Konan B\u00e9di\u00e9 et Alassane Dramane Ouattara, l\u2019ancien pr\u00e9sident Laurent Gbagbo organise une rencontre avec les instances du Front populaire ivoirien (FPI), le lundi 9 ao\u00fbt prochain. Il n\u2019en fallait \u2026<\/p>\n<p>L\u2019article <a rel=\"nofollow\" href=\"https:\/\/lepays.bf\/clash-entre-gbagbo-et-affi-nguessan\/\">CLASH ENTRE GBAGBO ET AFFI N\u2019GUESSAN<\/a> est apparu en premier sur <a rel=\"nofollow\" href=\"https:\/\/lepays.bf\/\">Editions Le Pays<\/a>.<\/p>\n<\/div>\n<p>Auteur: Editions LEPAYS<br \/>\n<a href=\"https:\/\/lepays.bf\/clash-entre-gbagbo-et-affi-nguessan\/\">Cliquez ici pour lire l&rsquo;article depuis sa source.<\/a><\/p>\n","protected":false},"excerpt":{"rendered":"<p>Revenu de sa d\u00e9tention \u00e0 La Haye le 17 juin dernier et apr\u00e8s avoir pris langue avec les deux pachydermes de la politique ivoirienne, c\u2019est-\u00e0-dire Henri Konan B\u00e9di\u00e9 et Alassane Dramane Ouattara, l\u2019ancien pr\u00e9sident Laurent Gbagbo organise une rencontre avec les instances du Front populaire ivoirien (FPI), le lundi 9 ao\u00fbt prochain. Il n\u2019en fallait [&hellip;]<\/p>\n","protected":false},"author":1813,"featured_media":0,"comment_status":"closed","ping_status":"closed","sticky":false,"template":"","format":"standard","meta":{"fifu_image_url":"https:\/\/lepays.bf\/wp-content\/uploads\/2021\/08\/affi-gbagbo.jpg","fifu_image_alt":"CLASH ENTRE GBAGBO ET AFFI N\u2019GUESSAN","footnotes":""},"categories":[73,81],"tags":[],"class_list":["post-123381","post","type-post","status-publish","format-standard","hentry","category-actualite","category-burkina-faso"],"_links":{"self":[{"href":"https:\/\/linitiative.ca\/International\/wp-json\/wp\/v2\/posts\/123381","targetHints":{"allow":["GET"]}}],"collection":[{"href":"https:\/\/linitiative.ca\/International\/wp-json\/wp\/v2\/posts"}],"about":[{"href":"https:\/\/linitiative.ca\/International\/wp-json\/wp\/v2\/types\/post"}],"author":[{"embeddable":true,"href":"https:\/\/linitiative.ca\/International\/wp-json\/wp\/v2\/users\/1813"}],"replies":[{"embeddable":true,"href":"https:\/\/linitiative.ca\/International\/wp-json\/wp\/v2\/comments?post=123381"}],"version-history":[{"count":0,"href":"https:\/\/linitiative.ca\/International\/wp-json\/wp\/v2\/posts\/123381\/revisions"}],"wp:attachment":[{"href":"https:\/\/linitiative.ca\/International\/wp-json\/wp\/v2\/media?parent=123381"}],"wp:term":[{"taxonomy":"category","embeddable":true,"href":"https:\/\/linitiative.ca\/International\/wp-json\/wp\/v2\/categories?post=123381"},{"taxonomy":"post_tag","embeddable":true,"href":"https:\/\/linitiative.ca\/International\/wp-json\/wp\/v2\/tags?post=123381"}],"curies":[{"name":"wp","href":"https:\/\/api.w.org\/{rel}","templated":true}]}}