{"id":123383,"date":"2021-08-05T14:34:38","date_gmt":"2021-08-05T18:34:38","guid":{"rendered":"https:\/\/linitiative.ca\/International\/nouvelle-attaque-terroriste-meurtriere-au-tchad\/"},"modified":"2021-08-05T14:34:38","modified_gmt":"2021-08-05T18:34:38","slug":"nouvelle-attaque-terroriste-meurtriere-au-tchad","status":"publish","type":"post","link":"https:\/\/linitiative.ca\/International\/nouvelle-attaque-terroriste-meurtriere-au-tchad\/","title":{"rendered":"NOUVELLE ATTAQUE TERRORISTE MEURTRIERE AU TCHAD  \u00a0"},"content":{"rendered":"<div>\n<p><img decoding=\"async\" width=\"768\" height=\"432\" src=\"https:\/\/linitiative.ca\/International\/wp-content\/uploads\/sites\/23\/2021\/08\/ArmeCC81e-tchadienne.jpg\" class=\"attachment- size- wp-post-image\" alt=\"\" loading=\"lazy\" style=\"float:left; margin:0 15px 15px 0;\" srcset=\"https:\/\/linitiative.ca\/International\/wp-content\/uploads\/sites\/23\/2021\/08\/ArmeCC81e-tchadienne.jpg 768w, https:\/\/lepays.bf\/wp-content\/uploads\/2021\/08\/Arme\u0301e-tchadienne-300x169.jpg 300w, https:\/\/lepays.bf\/wp-content\/uploads\/2021\/08\/Arme\u0301e-tchadienne-390x220.jpg 390w\" sizes=\"auto, (max-width: 768px) 100vw, 768px\">Au moins une vingtaine de soldats tchadiens ont p\u00e9ri dans une attaque perp\u00e9tr\u00e9e dans la nuit du 4 au 5 ao\u00fbt dernier dans le bassin du Lac Tchad. Le bilan fait \u00e9galement \u00e9tat de plusieurs soldats bless\u00e9s et de nombreux autres qui manquent \u00e0 l\u2019appel. Cette attaque d\u2019envergure, premi\u00e8re du genre depuis la disparition du \u2026<\/p>\n<p>L\u2019article <a rel=\"nofollow\" href=\"https:\/\/lepays.bf\/nouvelle-attaque-terroriste-meurtriere-au-tchad\/\">NOUVELLE ATTAQUE TERRORISTE MEURTRIERE AU TCHAD  \u00a0<\/a> est apparu en premier sur <a rel=\"nofollow\" href=\"https:\/\/lepays.bf\/\">Editions Le Pays<\/a>.<\/p>\n<\/div>\n<p>Auteur: Editions LEPAYS<br \/>\n<a href=\"https:\/\/lepays.bf\/nouvelle-attaque-terroriste-meurtriere-au-tchad\/\">Cliquez ici pour lire l&rsquo;article depuis sa source.<\/a><\/p>\n","protected":false},"excerpt":{"rendered":"<p>Au moins une vingtaine de soldats tchadiens ont p\u00e9ri dans une attaque perp\u00e9tr\u00e9e dans la nuit du 4 au 5 ao\u00fbt dernier dans le bassin du Lac Tchad. Le bilan fait \u00e9galement \u00e9tat de plusieurs soldats bless\u00e9s et de nombreux autres qui manquent \u00e0 l\u2019appel. Cette attaque d\u2019envergure, premi\u00e8re du genre depuis la disparition du [&hellip;]<\/p>\n","protected":false},"author":1813,"featured_media":0,"comment_status":"closed","ping_status":"closed","sticky":false,"template":"","format":"standard","meta":{"fifu_image_url":"https:\/\/lepays.bf\/wp-content\/uploads\/2021\/08\/Arme\u0301e-tchadienne.jpg","fifu_image_alt":"NOUVELLE ATTAQUE TERRORISTE MEURTRIERE AU TCHAD  \u00a0","footnotes":""},"categories":[73,81],"tags":[],"class_list":["post-123383","post","type-post","status-publish","format-standard","hentry","category-actualite","category-burkina-faso"],"_links":{"self":[{"href":"https:\/\/linitiative.ca\/International\/wp-json\/wp\/v2\/posts\/123383","targetHints":{"allow":["GET"]}}],"collection":[{"href":"https:\/\/linitiative.ca\/International\/wp-json\/wp\/v2\/posts"}],"about":[{"href":"https:\/\/linitiative.ca\/International\/wp-json\/wp\/v2\/types\/post"}],"author":[{"embeddable":true,"href":"https:\/\/linitiative.ca\/International\/wp-json\/wp\/v2\/users\/1813"}],"replies":[{"embeddable":true,"href":"https:\/\/linitiative.ca\/International\/wp-json\/wp\/v2\/comments?post=123383"}],"version-history":[{"count":0,"href":"https:\/\/linitiative.ca\/International\/wp-json\/wp\/v2\/posts\/123383\/revisions"}],"wp:attachment":[{"href":"https:\/\/linitiative.ca\/International\/wp-json\/wp\/v2\/media?parent=123383"}],"wp:term":[{"taxonomy":"category","embeddable":true,"href":"https:\/\/linitiative.ca\/International\/wp-json\/wp\/v2\/categories?post=123383"},{"taxonomy":"post_tag","embeddable":true,"href":"https:\/\/linitiative.ca\/International\/wp-json\/wp\/v2\/tags?post=123383"}],"curies":[{"name":"wp","href":"https:\/\/api.w.org\/{rel}","templated":true}]}}