{"id":123385,"date":"2021-08-05T14:38:02","date_gmt":"2021-08-05T18:38:02","guid":{"rendered":"https:\/\/linitiative.ca\/International\/comparution-de-joel-aivo-devant-la-criet\/"},"modified":"2021-08-05T14:38:02","modified_gmt":"2021-08-05T18:38:02","slug":"comparution-de-joel-aivo-devant-la-criet","status":"publish","type":"post","link":"https:\/\/linitiative.ca\/International\/comparution-de-joel-aivo-devant-la-criet\/","title":{"rendered":"COMPARUTION DE JOEL AIVO DEVANT LA CRIET  \u00a0"},"content":{"rendered":"<div>\n<p><img decoding=\"async\" width=\"664\" height=\"443\" src=\"https:\/\/linitiative.ca\/International\/wp-content\/uploads\/sites\/23\/2021\/08\/JOEL.jpg\" class=\"attachment- size- wp-post-image\" alt=\"\" loading=\"lazy\" style=\"float:left; margin:0 15px 15px 0;\" srcset=\"https:\/\/linitiative.ca\/International\/wp-content\/uploads\/sites\/23\/2021\/08\/JOEL.jpg 664w, https:\/\/lepays.bf\/wp-content\/uploads\/2021\/08\/JOEL-300x200.jpg 300w\" sizes=\"auto, (max-width: 664px) 100vw, 664px\">Ouvert le \u00a015 juillet dernier, le proc\u00e8s de l\u2019opposant b\u00e9ninois Jo\u00ebl A\u00efvo a repris le 5 ao\u00fbt 2021 devant la Cour de r\u00e9pression des infractions \u00e9conomiques et du terrorisme (CRIET). L\u2019universitaire \u00a0et candidat du Front pour la restauration de la d\u00e9mocratie (FRD), recal\u00e9 \u00e0 la pr\u00e9sidentielle du 11 avril dernier au B\u00e9nin, doit r\u00e9pondre des \u2026<\/p>\n<p>L\u2019article <a rel=\"nofollow\" href=\"https:\/\/lepays.bf\/comparution-de-joel-aivo-devant-la-criet-2\/\">COMPARUTION DE JOEL AIVO DEVANT LA CRIET  \u00a0<\/a> est apparu en premier sur <a rel=\"nofollow\" href=\"https:\/\/lepays.bf\/\">Editions Le Pays<\/a>.<\/p>\n<\/div>\n<p>Auteur: Editions LEPAYS<br \/>\n<a href=\"https:\/\/lepays.bf\/comparution-de-joel-aivo-devant-la-criet-2\/\">Cliquez ici pour lire l&rsquo;article depuis sa source.<\/a><\/p>\n","protected":false},"excerpt":{"rendered":"<p>Ouvert le \u00a015 juillet dernier, le proc\u00e8s de l\u2019opposant b\u00e9ninois Jo\u00ebl A\u00efvo a repris le 5 ao\u00fbt 2021 devant la Cour de r\u00e9pression des infractions \u00e9conomiques et du terrorisme (CRIET). L\u2019universitaire \u00a0et candidat du Front pour la restauration de la d\u00e9mocratie (FRD), recal\u00e9 \u00e0 la pr\u00e9sidentielle du 11 avril dernier au B\u00e9nin, doit r\u00e9pondre des [&hellip;]<\/p>\n","protected":false},"author":1813,"featured_media":0,"comment_status":"closed","ping_status":"closed","sticky":false,"template":"","format":"standard","meta":{"fifu_image_url":"https:\/\/lepays.bf\/wp-content\/uploads\/2021\/08\/JOEL.jpg","fifu_image_alt":"COMPARUTION DE JOEL AIVO DEVANT LA CRIET  \u00a0","footnotes":""},"categories":[73,81],"tags":[],"class_list":["post-123385","post","type-post","status-publish","format-standard","hentry","category-actualite","category-burkina-faso"],"_links":{"self":[{"href":"https:\/\/linitiative.ca\/International\/wp-json\/wp\/v2\/posts\/123385","targetHints":{"allow":["GET"]}}],"collection":[{"href":"https:\/\/linitiative.ca\/International\/wp-json\/wp\/v2\/posts"}],"about":[{"href":"https:\/\/linitiative.ca\/International\/wp-json\/wp\/v2\/types\/post"}],"author":[{"embeddable":true,"href":"https:\/\/linitiative.ca\/International\/wp-json\/wp\/v2\/users\/1813"}],"replies":[{"embeddable":true,"href":"https:\/\/linitiative.ca\/International\/wp-json\/wp\/v2\/comments?post=123385"}],"version-history":[{"count":0,"href":"https:\/\/linitiative.ca\/International\/wp-json\/wp\/v2\/posts\/123385\/revisions"}],"wp:attachment":[{"href":"https:\/\/linitiative.ca\/International\/wp-json\/wp\/v2\/media?parent=123385"}],"wp:term":[{"taxonomy":"category","embeddable":true,"href":"https:\/\/linitiative.ca\/International\/wp-json\/wp\/v2\/categories?post=123385"},{"taxonomy":"post_tag","embeddable":true,"href":"https:\/\/linitiative.ca\/International\/wp-json\/wp\/v2\/tags?post=123385"}],"curies":[{"name":"wp","href":"https:\/\/api.w.org\/{rel}","templated":true}]}}