{"id":123387,"date":"2021-08-05T14:40:58","date_gmt":"2021-08-05T18:40:58","guid":{"rendered":"https:\/\/linitiative.ca\/International\/sacre-de-fabrice-zango-aux-jo-tokyo-2021\/"},"modified":"2021-08-05T14:40:58","modified_gmt":"2021-08-05T18:40:58","slug":"sacre-de-fabrice-zango-aux-jo-tokyo-2021","status":"publish","type":"post","link":"https:\/\/linitiative.ca\/International\/sacre-de-fabrice-zango-aux-jo-tokyo-2021\/","title":{"rendered":"SACRE DE FABRICE ZANGO AUX JO TOKYO 2021  \u00a0"},"content":{"rendered":"<div>\n<p><img decoding=\"async\" width=\"660\" height=\"287\" src=\"https:\/\/linitiative.ca\/International\/wp-content\/uploads\/sites\/23\/2021\/08\/ZANGO.jpg\" class=\"attachment- size- wp-post-image\" alt=\"\" loading=\"lazy\" style=\"float:left; margin:0 15px 15px 0;\" srcset=\"https:\/\/linitiative.ca\/International\/wp-content\/uploads\/sites\/23\/2021\/08\/ZANGO.jpg 660w, https:\/\/lepays.bf\/wp-content\/uploads\/2021\/08\/ZANGO-300x130.jpg 300w\" sizes=\"auto, (max-width: 660px) 100vw, 660px\">Il l\u2019avait promis. Et il l\u2019a fait en offrant au Burkina Faso la premi\u00e8re m\u00e9daille olympique de son histoire, m\u00eame si c\u2019est de l\u2019or qu\u2019il r\u00eavait. Lui, c\u2019est Hugues Fabrice Zango, m\u00e9daill\u00e9 de bronze au triple saut des Jeux olympiques (JO) de Tokyo 2021, avec 17m47, derri\u00e8re le Chinois Yaming Zhu (17m57) et le champion \u2026<\/p>\n<p>L\u2019article <a rel=\"nofollow\" href=\"https:\/\/lepays.bf\/sacre-de-fabrice-zango-aux-jo-tokyo-2021\/\">SACRE DE FABRICE ZANGO AUX JO TOKYO 2021  \u00a0<\/a> est apparu en premier sur <a rel=\"nofollow\" href=\"https:\/\/lepays.bf\/\">Editions Le Pays<\/a>.<\/p>\n<\/div>\n<p>Auteur: Editions LEPAYS<br \/>\n<a href=\"https:\/\/lepays.bf\/sacre-de-fabrice-zango-aux-jo-tokyo-2021\/\">Cliquez ici pour lire l&rsquo;article depuis sa source.<\/a><\/p>\n","protected":false},"excerpt":{"rendered":"<p>Il l\u2019avait promis. Et il l\u2019a fait en offrant au Burkina Faso la premi\u00e8re m\u00e9daille olympique de son histoire, m\u00eame si c\u2019est de l\u2019or qu\u2019il r\u00eavait. Lui, c\u2019est Hugues Fabrice Zango, m\u00e9daill\u00e9 de bronze au triple saut des Jeux olympiques (JO) de Tokyo 2021, avec 17m47, derri\u00e8re le Chinois Yaming Zhu (17m57) et le champion [&hellip;]<\/p>\n","protected":false},"author":1813,"featured_media":0,"comment_status":"closed","ping_status":"closed","sticky":false,"template":"","format":"standard","meta":{"fifu_image_url":"https:\/\/lepays.bf\/wp-content\/uploads\/2021\/08\/ZANGO.jpg","fifu_image_alt":"SACRE DE FABRICE ZANGO AUX JO TOKYO 2021  \u00a0","footnotes":""},"categories":[73,81],"tags":[],"class_list":["post-123387","post","type-post","status-publish","format-standard","hentry","category-actualite","category-burkina-faso"],"_links":{"self":[{"href":"https:\/\/linitiative.ca\/International\/wp-json\/wp\/v2\/posts\/123387","targetHints":{"allow":["GET"]}}],"collection":[{"href":"https:\/\/linitiative.ca\/International\/wp-json\/wp\/v2\/posts"}],"about":[{"href":"https:\/\/linitiative.ca\/International\/wp-json\/wp\/v2\/types\/post"}],"author":[{"embeddable":true,"href":"https:\/\/linitiative.ca\/International\/wp-json\/wp\/v2\/users\/1813"}],"replies":[{"embeddable":true,"href":"https:\/\/linitiative.ca\/International\/wp-json\/wp\/v2\/comments?post=123387"}],"version-history":[{"count":0,"href":"https:\/\/linitiative.ca\/International\/wp-json\/wp\/v2\/posts\/123387\/revisions"}],"wp:attachment":[{"href":"https:\/\/linitiative.ca\/International\/wp-json\/wp\/v2\/media?parent=123387"}],"wp:term":[{"taxonomy":"category","embeddable":true,"href":"https:\/\/linitiative.ca\/International\/wp-json\/wp\/v2\/categories?post=123387"},{"taxonomy":"post_tag","embeddable":true,"href":"https:\/\/linitiative.ca\/International\/wp-json\/wp\/v2\/tags?post=123387"}],"curies":[{"name":"wp","href":"https:\/\/api.w.org\/{rel}","templated":true}]}}