{"id":123389,"date":"2021-08-05T06:00:45","date_gmt":"2021-08-05T10:00:45","guid":{"rendered":"https:\/\/linitiative.ca\/International\/roch-marc-christian-kabore-a-hugues-fabrice-zango-fierte-nationale\/"},"modified":"2021-08-05T06:00:45","modified_gmt":"2021-08-05T10:00:45","slug":"roch-marc-christian-kabore-a-hugues-fabrice-zango-fierte-nationale","status":"publish","type":"post","link":"https:\/\/linitiative.ca\/International\/roch-marc-christian-kabore-a-hugues-fabrice-zango-fierte-nationale\/","title":{"rendered":"Roch Marc Christian Kabor\u00e9 \u00e0 Hugues Fabrice Zango: \u00ab\u00a0Fiert\u00e9 nationale\u00a0\u00bb"},"content":{"rendered":"<div>\n<p>Le pr\u00e9sident du Faso a f\u00e9licit\u00e9 Hugues Fabrice Zango pour la m\u00e9daille qu\u2019il a offerte au pays. \u00ab\u00a0Fiert\u00e9 nationale. Merci pour cette m\u00e9daille. Bravo Hugues Fabrice ZANGO \u00ab\u00a0, a \u00e9crit Roch March Christian Kabor\u00e9 sur sa page officielle.<\/p>\n<p>B.S<\/p>\n<p>L\u2019article <a rel=\"nofollow\" href=\"https:\/\/www.sidwaya.info\/blog\/2021\/08\/05\/roch-marc-christian-kabore-a-hugues-fabrice-zango-fierte-nationale\/\">Roch Marc Christian Kabor\u00e9 \u00e0 Hugues Fabrice Zango: \u00ab\u00a0Fiert\u00e9 nationale\u00a0\u00bb<\/a> est apparu en premier sur <a rel=\"nofollow\" href=\"https:\/\/www.sidwaya.info\/\">Quotidien Sidwaya<\/a>.<\/p>\n<\/div>\n<p>Auteur: BS. Sidwaya<br \/>\n<a href=\"https:\/\/www.sidwaya.info\/blog\/2021\/08\/05\/roch-marc-christian-kabore-a-hugues-fabrice-zango-fierte-nationale\/\">Cliquez ici pour lire l&rsquo;article depuis sa source.<\/a><\/p>\n","protected":false},"excerpt":{"rendered":"<p>Le pr\u00e9sident du Faso a f\u00e9licit\u00e9 Hugues Fabrice Zango pour la m\u00e9daille qu\u2019il a offerte au pays. \u00ab\u00a0Fiert\u00e9 nationale. Merci pour cette m\u00e9daille. Bravo Hugues Fabrice ZANGO \u00ab\u00a0, a \u00e9crit Roch March Christian Kabor\u00e9 sur sa page officielle. B.S L\u2019article Roch Marc Christian Kabor\u00e9 \u00e0 Hugues Fabrice Zango: \u00ab\u00a0Fiert\u00e9 nationale\u00a0\u00bb est apparu en premier sur [&hellip;]<\/p>\n","protected":false},"author":1816,"featured_media":0,"comment_status":"closed","ping_status":"closed","sticky":false,"template":"","format":"standard","meta":{"fifu_image_url":"","fifu_image_alt":"","footnotes":""},"categories":[73,81],"tags":[],"class_list":["post-123389","post","type-post","status-publish","format-standard","hentry","category-actualite","category-burkina-faso"],"_links":{"self":[{"href":"https:\/\/linitiative.ca\/International\/wp-json\/wp\/v2\/posts\/123389","targetHints":{"allow":["GET"]}}],"collection":[{"href":"https:\/\/linitiative.ca\/International\/wp-json\/wp\/v2\/posts"}],"about":[{"href":"https:\/\/linitiative.ca\/International\/wp-json\/wp\/v2\/types\/post"}],"author":[{"embeddable":true,"href":"https:\/\/linitiative.ca\/International\/wp-json\/wp\/v2\/users\/1816"}],"replies":[{"embeddable":true,"href":"https:\/\/linitiative.ca\/International\/wp-json\/wp\/v2\/comments?post=123389"}],"version-history":[{"count":0,"href":"https:\/\/linitiative.ca\/International\/wp-json\/wp\/v2\/posts\/123389\/revisions"}],"wp:attachment":[{"href":"https:\/\/linitiative.ca\/International\/wp-json\/wp\/v2\/media?parent=123389"}],"wp:term":[{"taxonomy":"category","embeddable":true,"href":"https:\/\/linitiative.ca\/International\/wp-json\/wp\/v2\/categories?post=123389"},{"taxonomy":"post_tag","embeddable":true,"href":"https:\/\/linitiative.ca\/International\/wp-json\/wp\/v2\/tags?post=123389"}],"curies":[{"name":"wp","href":"https:\/\/api.w.org\/{rel}","templated":true}]}}