{"id":123394,"date":"2021-08-05T07:41:17","date_gmt":"2021-08-05T11:41:17","guid":{"rendered":"https:\/\/linitiative.ca\/International\/5-aout-2021-dans-lunite-nous-saurons-mener-le-combat-pour-un-burkina-independant-democratique-roch-kabore\/"},"modified":"2021-08-05T07:41:17","modified_gmt":"2021-08-05T11:41:17","slug":"5-aout-2021-dans-lunite-nous-saurons-mener-le-combat-pour-un-burkina-independant-democratique-roch-kabore","status":"publish","type":"post","link":"https:\/\/linitiative.ca\/International\/5-aout-2021-dans-lunite-nous-saurons-mener-le-combat-pour-un-burkina-independant-democratique-roch-kabore\/","title":{"rendered":"5 ao\u00fbt 2021\u00a0: (Dans l\u2019unit\u00e9 nous saurons mener le combat pour un Burkina ind\u00e9pendant, d\u00e9mocratique), Roch Kabor\u00e9."},"content":{"rendered":"<div>\n<p>Le Pr\u00e9sident du Faso, Roch Kabor\u00e9 rend hommage \u00e0 ses devanciers, pour les sacrifices consentis pour l\u2019ind\u00e9pendance politique de la patrie. Leur engagement pour la Patrie selon lui, constitue une boussole pour lui. (H\u00e9ritiers de nos Anc\u00eatres, ensemble dans l\u2019unit\u00e9 de toutes les filles et tous les fils de notre pays, nous saurons mener le combat pour un Burkina Faso ind\u00e9pendant, d\u00e9mocratique et souverain), a-t-il indiqu\u00e9.<\/p>\n<p>L\u2019article <a rel=\"nofollow\" href=\"https:\/\/www.sidwaya.info\/blog\/2021\/08\/05\/5-aout-2021-dans-lunite-nous-saurons-mener-le-combat-pour-un-burkina-independant-democratique-roch-kabore\/\">5 ao\u00fbt 2021\u00a0: (Dans l\u2019unit\u00e9 nous saurons mener le combat pour un Burkina ind\u00e9pendant, d\u00e9mocratique), Roch Kabor\u00e9.<\/a> est apparu en premier sur <a rel=\"nofollow\" href=\"https:\/\/www.sidwaya.info\/\">Quotidien Sidwaya<\/a>.<\/p>\n<\/div>\n<p>Auteur: Wamini SIDWAYA<br \/>\n<a href=\"https:\/\/www.sidwaya.info\/blog\/2021\/08\/05\/5-aout-2021-dans-lunite-nous-saurons-mener-le-combat-pour-un-burkina-independant-democratique-roch-kabore\/\">Cliquez ici pour lire l&rsquo;article depuis sa source.<\/a><\/p>\n","protected":false},"excerpt":{"rendered":"<p>Le Pr\u00e9sident du Faso, Roch Kabor\u00e9 rend hommage \u00e0 ses devanciers, pour les sacrifices consentis pour l\u2019ind\u00e9pendance politique de la patrie. Leur engagement pour la Patrie selon lui, constitue une boussole pour lui. (H\u00e9ritiers de nos Anc\u00eatres, ensemble dans l\u2019unit\u00e9 de toutes les filles et tous les fils de notre pays, nous saurons mener le [&hellip;]<\/p>\n","protected":false},"author":1816,"featured_media":0,"comment_status":"closed","ping_status":"closed","sticky":false,"template":"","format":"standard","meta":{"fifu_image_url":"","fifu_image_alt":"","footnotes":""},"categories":[73,81],"tags":[],"class_list":["post-123394","post","type-post","status-publish","format-standard","hentry","category-actualite","category-burkina-faso"],"_links":{"self":[{"href":"https:\/\/linitiative.ca\/International\/wp-json\/wp\/v2\/posts\/123394","targetHints":{"allow":["GET"]}}],"collection":[{"href":"https:\/\/linitiative.ca\/International\/wp-json\/wp\/v2\/posts"}],"about":[{"href":"https:\/\/linitiative.ca\/International\/wp-json\/wp\/v2\/types\/post"}],"author":[{"embeddable":true,"href":"https:\/\/linitiative.ca\/International\/wp-json\/wp\/v2\/users\/1816"}],"replies":[{"embeddable":true,"href":"https:\/\/linitiative.ca\/International\/wp-json\/wp\/v2\/comments?post=123394"}],"version-history":[{"count":0,"href":"https:\/\/linitiative.ca\/International\/wp-json\/wp\/v2\/posts\/123394\/revisions"}],"wp:attachment":[{"href":"https:\/\/linitiative.ca\/International\/wp-json\/wp\/v2\/media?parent=123394"}],"wp:term":[{"taxonomy":"category","embeddable":true,"href":"https:\/\/linitiative.ca\/International\/wp-json\/wp\/v2\/categories?post=123394"},{"taxonomy":"post_tag","embeddable":true,"href":"https:\/\/linitiative.ca\/International\/wp-json\/wp\/v2\/tags?post=123394"}],"curies":[{"name":"wp","href":"https:\/\/api.w.org\/{rel}","templated":true}]}}